{"id":22024,"date":"2026-01-16T16:31:01","date_gmt":"2026-01-16T15:31:01","guid":{"rendered":"https:\/\/new.thinktopaz.cz\/?p=22024"},"modified":"2026-02-05T13:46:35","modified_gmt":"2026-02-05T12:46:35","slug":"cena-topaz-osobnost-verejne-odpovednosti-2","status":"publish","type":"post","link":"https:\/\/thinktopaz.cz\/en\/2026\/01\/16\/cena-topaz-osobnost-verejne-odpovednosti-2\/","title":{"rendered":"Cena TOPAZ &#8211; Osobnost ve\u0159ejn\u00e9 odpov\u011bdnosti"},"content":{"rendered":"<p>Cena TOPAZ &#8211; Osobnost ve\u0159ejn\u00e9 odpov\u011bdnosti vznikla s c\u00edlem upozornit na jednotlivce, kte\u0159\u00ed sv\u00fdm profesn\u00edm i osobn\u00edm \u017eivotem p\u0159edstavuj\u00ed p\u0159\u00edklad odpov\u011bdn\u00e9ho a hodnotov\u00e9ho p\u0159\u00edstupu k ve\u0159ejn\u00e9mu p\u016fsoben\u00ed. Jej\u00edm posl\u00e1n\u00edm je ocenit odvahu, integritu a dlouhodobou slu\u017ebu ve\u0159ejn\u00e9mu z\u00e1jmu \u2013 a\u0165 u\u017e v politice, ob\u010dansk\u00e9 spole\u010dnosti, akademick\u00e9 sf\u00e9\u0159e, kultu\u0159e, m\u00e9di\u00edch \u010di dal\u0161\u00edch oblastech ve\u0159ejn\u00e9ho \u017eivota.<\/p>\n\n\n\n<p>\u201cV TOPAZ v\u011b\u0159\u00edme, \u017ee demokratick\u00e1 spole\u010dnost stoj\u00ed na lidech, kte\u0159\u00ed jednaj\u00ed \u010destn\u011b, nesou odpov\u011bdnost za sv\u00e1 rozhodnut\u00ed a jsou ochotni vystoupit ve prosp\u011bch pravdy, svobody a slu\u0161nosti. Pr\u00e1v\u011b takov\u00e9 osobnosti maj\u00ed schopnost inspirovat ostatn\u00ed, posilovat d\u016fv\u011bru ob\u010dan\u016f ve ve\u0159ejn\u00e9 instituce a p\u0159isp\u00edvat k rozvoji kultury odpov\u011bdnosti a spolupr\u00e1ce,\u201d \u0159\u00edk\u00e1 inici\u00e1torka my\u0161lenky Eva \u0160afr\u00e1nkov\u00e1, p\u0159edsedkyn\u011b V\u00fdkonn\u00e9 rady TOPAZ.<\/p>\n\n\n\n<p>Laure\u00e1ta ka\u017edoro\u010dn\u011b vyb\u00edr\u00e1 V\u00fdkonn\u00e1 rada TOPAZ. Hlavn\u00edmi krit\u00e9rii jsou dlouhodob\u00fd p\u0159\u00ednos k rozvoji demokratick\u00fdch hodnot, ob\u010dansk\u00e9 anga\u017eovanosti a ve\u0159ejn\u00e9 odpov\u011bdnosti.<\/p>\n\n\n\n<p>Ocen\u011bn\u00ed je p\u0159ed\u00e1v\u00e1no ka\u017edoro\u010dn\u011b v r\u00e1mci slavnostn\u00edho ve\u010dera, kter\u00fd p\u0159ipom\u00edn\u00e1 v\u00fdznam ob\u010dansk\u00e9 odvahy a ve\u0159ejn\u00e9 odpov\u011bdnosti pro udr\u017een\u00ed svobodn\u00e9 a otev\u0159en\u00e9 spole\u010dnosti.<\/p>\n\n\n\n<p>Cenu TOPAZ pro ocen\u011bn\u00e9 navrhuj\u00ed a vyr\u00e1b\u011bj\u00ed studenti um\u011bleck\u00fdch obor\u016f jako memento zachov\u00e1na symbolika boje student\u016f za demokracii. Ka\u017ed\u00fd rok tak touto cestou TOPAZ podpo\u0159\u00ed z\u00e1rove\u0148 i mlad\u00e9 nad\u011bjn\u00e9 tv\u016frce a d\u00e1 jim prostor zaz\u00e1\u0159it p\u0159i p\u0159ed\u00e1vac\u00edm ceremoni\u00e1lu. C\u00edlem je nejen zviditelnit jejich tvorbu, ale tak\u00e9 podpo\u0159it symboliku dialogu a sd\u00edlen\u00ed zku\u0161enost\u00ed mezi mlad\u00fdmi \u2013 nositeli nad\u011bje a budoucnosti \u2013 a ji\u017e uzn\u00e1van\u00fdmi osobnostmi.<\/p>\n\n\n\n<p>Prvn\u00ed laure\u00e1tkou Ceny TOPAZ se v roce 2025 stala Magda V\u00e1\u0161\u00e1ryov\u00e1 \u2013 here\u010dka, diplomatka, sociolo\u017eka a ob\u010dansk\u00e1 aktivistka, kter\u00e1 je ji\u017e po desetilet\u00ed symbolem odvahy, integrity a v\u011brnosti demokratick\u00fdm princip\u016fm. <\/p>\n\n\n\n<p><\/p>","protected":false},"excerpt":{"rendered":"<p>Cena TOPAZ &#8211; Osobnost ve\u0159ejn\u00e9 odpov\u011bdnosti vznikla s c\u00edlem upozornit na jednotlivce, kte\u0159\u00ed sv\u00fdm profesn\u00edm i osobn\u00edm \u017eivotem p\u0159edstavuj\u00ed p\u0159\u00edklad odpov\u011bdn\u00e9ho a hodnotov\u00e9ho p\u0159\u00edstupu k ve\u0159ejn\u00e9mu p\u016fsoben\u00ed. Jej\u00edm posl\u00e1n\u00edm je ocenit odvahu, integritu a dlouhodobou slu\u017ebu ve\u0159ejn\u00e9mu z\u00e1jmu \u2013 a\u0165 u\u017e v politice, ob\u010dansk\u00e9 spole\u010dnosti, akademick\u00e9 sf\u00e9\u0159e, kultu\u0159e, m\u00e9di\u00edch \u010di dal\u0161\u00edch oblastech ve\u0159ejn\u00e9ho \u017eivota. \u201cV [&hellip;]<\/p>","protected":false},"author":8,"featured_media":22059,"comment_status":"closed","ping_status":"","sticky":false,"template":"","format":"standard","meta":{"footnotes":""},"categories":[5,169],"tags":[],"class_list":["post-22024","post","type-post","status-publish","format-standard","has-post-thumbnail","hentry","category-aktuality","category-cena-topaz-osobnost-verejne-odpovednosti"],"_links":{"self":[{"href":"https:\/\/thinktopaz.cz\/en\/wp-json\/wp\/v2\/posts\/22024","targetHints":{"allow":["GET"]}}],"collection":[{"href":"https:\/\/thinktopaz.cz\/en\/wp-json\/wp\/v2\/posts"}],"about":[{"href":"https:\/\/thinktopaz.cz\/en\/wp-json\/wp\/v2\/types\/post"}],"author":[{"embeddable":true,"href":"https:\/\/thinktopaz.cz\/en\/wp-json\/wp\/v2\/users\/8"}],"replies":[{"embeddable":true,"href":"https:\/\/thinktopaz.cz\/en\/wp-json\/wp\/v2\/comments?post=22024"}],"version-history":[{"count":3,"href":"https:\/\/thinktopaz.cz\/en\/wp-json\/wp\/v2\/posts\/22024\/revisions"}],"predecessor-version":[{"id":22027,"href":"https:\/\/thinktopaz.cz\/en\/wp-json\/wp\/v2\/posts\/22024\/revisions\/22027"}],"wp:featuredmedia":[{"embeddable":true,"href":"https:\/\/thinktopaz.cz\/en\/wp-json\/wp\/v2\/media\/22059"}],"wp:attachment":[{"href":"https:\/\/thinktopaz.cz\/en\/wp-json\/wp\/v2\/media?parent=22024"}],"wp:term":[{"taxonomy":"category","embeddable":true,"href":"https:\/\/thinktopaz.cz\/en\/wp-json\/wp\/v2\/categories?post=22024"},{"taxonomy":"post_tag","embeddable":true,"href":"https:\/\/thinktopaz.cz\/en\/wp-json\/wp\/v2\/tags?post=22024"}],"curies":[{"name":"wp","href":"https:\/\/api.w.org\/{rel}","templated":true}]}}