{"id":22037,"date":"2026-01-31T07:39:02","date_gmt":"2026-01-31T06:39:02","guid":{"rendered":"https:\/\/new.thinktopaz.cz\/?p=22037"},"modified":"2026-03-22T14:56:29","modified_gmt":"2026-03-22T13:56:29","slug":"vysledky-6-rocniku-souteze-studentskych-praci","status":"publish","type":"post","link":"https:\/\/thinktopaz.cz\/en\/2026\/01\/31\/vysledky-6-rocniku-souteze-studentskych-praci\/","title":{"rendered":"V\u00fdsledky 6. ro\u010dn\u00edku sout\u011b\u017ee studentsk\u00fdch prac\u00ed Cena Karla Schwarzenberga"},"content":{"rendered":"<p>Akademick\u00e1 rada politick\u00e9ho institutu TOPAZ ocenila celkem p\u011bt studentsk\u00fdch prac\u00ed v sout\u011b\u017ei <a href=\"https:\/\/new.thinktopaz.cz\/category\/cena-karla-schwarzenberga\/\">Karel Schwarzenberg Award<\/a>. Tato cena je ud\u011blov\u00e1na ka\u017edoro\u010dn\u011b t\u0159em \u00fasp\u011b\u0161n\u00fdm autor\u016fm a poj\u00ed se s n\u00ed finan\u010dn\u00ed odm\u011bna a n\u00e1sledn\u00e1 mo\u017enost vyd\u00e1n\u00ed pr\u00e1ce formou e-knihy.<br>Slavnost\u00ed p\u0159ed\u00e1n\u00ed cen prob\u00edh\u00e1 tradi\u010dn\u011b v Parlamentu \u010cesk\u00e9 republiky.<\/p>\n\n\n\n<p>Sout\u011b\u017e byla v roce 2025 otev\u0159ena pro v\u0161echny aktivn\u00ed studenty a \u010derstv\u00e9 absolventy, kte\u0159\u00ed obh\u00e1jili sv\u00e9 kvalifika\u010dn\u00ed pr\u00e1ce (bakal\u00e1\u0159sk\u00e9, magistersk\u00e9 \u010di rigor\u00f3zn\u00ed) v letech 2021 a\u017e 2024. T\u00e9mata sout\u011b\u017en\u00edch prac\u00ed reflektuj\u00ed sou\u010dasn\u00e9 politick\u00e9, ekonomick\u00e9 a spole\u010densk\u00e9 ot\u00e1zky a jsou zpracov\u00e1na v \u010de\u0161tin\u011b, sloven\u0161tin\u011b nebo angli\u010dtin\u011b.<\/p>\n\n\n\n<p><strong>1. m\u00edsto<\/strong><br><a href=\"https:\/\/thinktopaz.cz\/en\/2026\/03\/15\/prvni-misto-v-6-rocniku-ceny-karla-schwarzenberga-dostala-katerina-trulleyova\/\">1st place\nKate\u0159ina Trulleyov\u00e1: Gender Apartheid in Afghanistan: Analyzing the Taliban's Policies and the European Union's Response\u00a0<em>Gender Apartheid in Afghanistan: Analyzing the Taliban&#8217;s Policies and the European Union&#8217;s Response<\/em><\/a><\/p>\n\n\n\n<p><strong>2. m\u00edsto<\/strong><br><a href=\"https:\/\/thinktopaz.cz\/en\/2026\/03\/15\/druhe-misto-v-6-rocniku-ceny-karla-schwarzenberga-dostal-richard-susa\/\">2nd place\nRichard S\u016fsa: Medi\u00e1ln\u00ed obraz poslanc\u016f v \u010desk\u00e9m denn\u00edm tisku\u00a0<em>Medi\u00e1ln\u00ed obraz poslanc\u016f v \u010desk\u00e9m denn\u00edm tisku<\/em><\/a><\/p>\n\n\n\n<p><strong>3rd place\nNela Ham\u00e1\u010dkov\u00e1: Plodnost a slad\u011bn\u00ed rodinn\u00e9ho \u017eivota s prac\u00ed<\/strong><br><a href=\"https:\/\/thinktopaz.cz\/en\/2026\/03\/15\/treti-misto-v-6-rocniku-ceny-karla-schwarzenberga-dostala-nela-hamackova\/\">Nela Ham\u00e1\u010dkov\u00e1:\u00a0<em>Plodnost a slad\u011bn\u00ed rodinn\u00e9ho \u017eivota s prac\u00ed<\/em><\/a><\/p>\n\n\n\n<p>The Academic Council also awarded two honorary mentions to the following papers:<\/p>\n\n\n\n<p><a href=\"https:\/\/thinktopaz.cz\/en\/2026\/03\/15\/cestne-uznani-v-6-rocniku-ceny-karla-schwarzenberga-dostal-tomas-ginzel\/\">Tom\u00e1\u0161 Ginzel:\u00a0<em>The Breaking Point: The Rebuilding of European Security Architecture<\/em><\/a><\/p>\n\n\n\n<p><br><a href=\"https:\/\/thinktopaz.cz\/en\/2026\/03\/15\/cestne-uznani-v-6-rocniku-ceny-karla-schwarzenberga-dostala-pavla-prenosilova\/\">Pavla P\u0159enosilov\u00e1:\u00a0<em>Tom\u00e1\u0161 Ginzel: The Breaking Point: The Rebuilding of European Security Architecture\nPavla P\u0159enosilov\u00e1: A case study of the shift in perception of Russia in Czech Politics: Investigation of the Vrb\u011btice ammunition warehouse explosion<\/em><\/a><\/p>\n\n\n\n<p><\/p>\n\n\n\n<p>Thank you to all participants for taking part, and congratulations to the winners.<\/p>\n\n\n\n<p><\/p>","protected":false},"excerpt":{"rendered":"<p>Akademick\u00e1 rada politick\u00e9ho institutu TOPAZ ocenila celkem p\u011bt studentsk\u00fdch prac\u00ed v sout\u011b\u017ei Cena Karla Schwarzenberga. Tato cena je ud\u011blov\u00e1na ka\u017edoro\u010dn\u011b t\u0159em \u00fasp\u011b\u0161n\u00fdm autor\u016fm a poj\u00ed se s n\u00ed finan\u010dn\u00ed odm\u011bna a n\u00e1sledn\u00e1 mo\u017enost vyd\u00e1n\u00ed pr\u00e1ce formou e-knihy.Slavnost\u00ed p\u0159ed\u00e1n\u00ed cen prob\u00edh\u00e1 tradi\u010dn\u011b v Parlamentu \u010cesk\u00e9 republiky. Sout\u011b\u017e byla v roce 2025 otev\u0159ena pro v\u0161echny aktivn\u00ed studenty [&hellip;]<\/p>","protected":false},"author":8,"featured_media":21720,"comment_status":"closed","ping_status":"","sticky":false,"template":"","format":"standard","meta":{"footnotes":""},"categories":[5,162],"tags":[],"class_list":["post-22037","post","type-post","status-publish","format-standard","has-post-thumbnail","hentry","category-aktuality","category-cena-karla-schwarzenberga"],"_links":{"self":[{"href":"https:\/\/thinktopaz.cz\/en\/wp-json\/wp\/v2\/posts\/22037","targetHints":{"allow":["GET"]}}],"collection":[{"href":"https:\/\/thinktopaz.cz\/en\/wp-json\/wp\/v2\/posts"}],"about":[{"href":"https:\/\/thinktopaz.cz\/en\/wp-json\/wp\/v2\/types\/post"}],"author":[{"embeddable":true,"href":"https:\/\/thinktopaz.cz\/en\/wp-json\/wp\/v2\/users\/8"}],"replies":[{"embeddable":true,"href":"https:\/\/thinktopaz.cz\/en\/wp-json\/wp\/v2\/comments?post=22037"}],"version-history":[{"count":9,"href":"https:\/\/thinktopaz.cz\/en\/wp-json\/wp\/v2\/posts\/22037\/revisions"}],"predecessor-version":[{"id":22162,"href":"https:\/\/thinktopaz.cz\/en\/wp-json\/wp\/v2\/posts\/22037\/revisions\/22162"}],"wp:featuredmedia":[{"embeddable":true,"href":"https:\/\/thinktopaz.cz\/en\/wp-json\/wp\/v2\/media\/21720"}],"wp:attachment":[{"href":"https:\/\/thinktopaz.cz\/en\/wp-json\/wp\/v2\/media?parent=22037"}],"wp:term":[{"taxonomy":"category","embeddable":true,"href":"https:\/\/thinktopaz.cz\/en\/wp-json\/wp\/v2\/categories?post=22037"},{"taxonomy":"post_tag","embeddable":true,"href":"https:\/\/thinktopaz.cz\/en\/wp-json\/wp\/v2\/tags?post=22037"}],"curies":[{"name":"wp","href":"https:\/\/api.w.org\/{rel}","templated":true}]}}