{"id":22154,"date":"2026-03-15T22:24:54","date_gmt":"2026-03-15T21:24:54","guid":{"rendered":"https:\/\/thinktopaz.cz\/?p=22154"},"modified":"2026-03-15T22:24:54","modified_gmt":"2026-03-15T21:24:54","slug":"prvni-misto-v-6-rocniku-ceny-karla-schwarzenberga-dostala-katerina-trulleyova","status":"publish","type":"post","link":"https:\/\/thinktopaz.cz\/en\/2026\/03\/15\/prvni-misto-v-6-rocniku-ceny-karla-schwarzenberga-dostala-katerina-trulleyova\/","title":{"rendered":"Prvn\u00ed m\u00edsto v 6. ro\u010dn\u00edku Ceny Karla Schwarzenberga dostala Kate\u0159ina Trulleyov\u00e1"},"content":{"rendered":"<p><\/p>\n\n\n\n<p><strong>1. m\u00edsto v 6. ro\u010dn\u00edku Ceny Karla Schwarzenberga<\/strong>&nbsp;z\u00edskala&nbsp;<strong>Kate\u0159ina Trulleyov\u00e1<\/strong>&nbsp;za pr\u00e1ci&nbsp;<strong>\u201eGender Apartheid in Afghanistan: Analyzing the Taliban\u2019s Policies and the European Union\u2019s Response.\u201c<\/strong><\/p>\n\n\n\n<p>Kate\u0159ina se ve sv\u00e9 pr\u00e1ci zam\u011b\u0159ila na situaci \u017een a d\u00edvek v Afgh\u00e1nist\u00e1nu po n\u00e1vratu hnut\u00ed Taliban k moci a na reakci mezin\u00e1rodn\u00edho spole\u010denstv\u00ed, zejm\u00e9na Evropsk\u00e9 unie. V centru jej\u00ed anal\u00fdzy stoj\u00ed koncept tzv.&nbsp;<strong>genderov\u00e9ho apartheidu<\/strong>, kter\u00fd se v posledn\u00edch letech st\u00e1le \u010dast\u011bji objevuje v mezin\u00e1rodn\u00ed debat\u011b o systematick\u00e9m potla\u010dov\u00e1n\u00ed pr\u00e1v \u017een.<\/p>\n\n\n\n<p>Impulsem pro volbu t\u00e9matu byl v\u00fdvoj po&nbsp;<strong>srpnu 2021<\/strong>, kdy n\u00e1vrat Talibanu znamenal z\u00e1sadn\u00ed zlom v dosavadn\u00edm v\u00fdvoji pr\u00e1v a svobod afgh\u00e1nsk\u00fdch \u017een. Kate\u0159ina se ve sv\u00e9 pr\u00e1ci zab\u00fdv\u00e1 t\u00edm, jak\u00e9 konkr\u00e9tn\u00ed politiky Taliban v\u016f\u010di \u017een\u00e1m uplat\u0148uje a jak na tuto situaci reaguj\u00ed evropsk\u00e9 instituce.<\/p>\n\n\n\n<p><strong>Pro\u010d si Kate\u0159ina vybrala pr\u00e1v\u011b toto t\u00e9ma?<\/strong><\/p>\n\n\n\n<p>\u201eN\u00e1vrat Talibanu k moci v srpnu 2021 znamenal dramatick\u00fd zvrat ve dvacetilet\u00e9m pokroku v oblasti pr\u00e1v a svobod afgh\u00e1nsk\u00fdch \u017een. V reakci na to se v mezin\u00e1rodn\u00edm m\u011b\u0159\u00edtku st\u00e1le v\u00edce prosazuje uzn\u00e1n\u00ed nov\u00e9ho zlo\u010dinu proti lidskosti, tzv. \u201agenderov\u00e9ho apartheidu\u2018. Tento \u010din, podobn\u011b jako uzn\u00e1n\u00ed rasov\u00e9ho apartheidu na po\u010d\u00e1tku 90. let, m\u016f\u017ee potenci\u00e1ln\u011b podn\u00edtit jednotnou mezin\u00e1rodn\u00ed reakci, kter\u00e1 by mohla zm\u011bnit realitu tamn\u00edch \u017een a d\u00edvek. T\u00e9matu jsem se rozhodla v\u011bnovat p\u0159edev\u0161\u00edm proto, \u017ee navzdory sv\u00e9 z\u00e1va\u017enosti z\u016fst\u00e1v\u00e1 nedostate\u010dn\u011b reflektov\u00e1no v \u0161ir\u0161\u00ed odborn\u00e9 i politick\u00e9 debat\u011b.\u201c<\/p>\n\n\n\n<p><strong>Co pro Kate\u0159inu znamen\u00e1 ocen\u011bn\u00ed v Cen\u011b Karla Schwarzenberga?<\/strong><\/p>\n\n\n\n<p>\u201eOcen\u011bn\u00ed pro m\u011b p\u0159edstavuje p\u0159edev\u0161\u00edm potvrzen\u00ed, \u017ee t\u00e9ma i zp\u016fsob, jak\u00fdm jsem k n\u011bmu p\u0159istoupila, maj\u00ed smysl i mimo r\u00e1mec studijn\u00edch povinnost\u00ed. Vn\u00edm\u00e1m ho jako povzbuzen\u00ed pokra\u010dovat v pr\u00e1ci, kterou pova\u017euji za d\u016fle\u017eitou, a z\u00e1rove\u0148 jako p\u0159\u00edle\u017eitost zv\u00fd\u0161it pov\u011bdom\u00ed o t\u00e9matu.\u201c<\/p>\n\n\n\n<p><strong>P\u0159e\u010dt\u011bte si jej\u00ed pr\u00e1ci zde:<\/strong><\/p>\n\n\n\n<div class=\"_3d-flip-book  fb3d-fullscreen-mode full-size\" data-id=\"22157\" data-mode=\"fullscreen\" data-title=\"false\" data-template=\"short-white-book-view\" data-lightbox=\"dark-shadow\" data-urlparam=\"fb3d-page\" data-page-n=\"0\" data-pdf=\"\" data-tax=\"null\" data-thumbnail=\"\" data-cols=\"3\" data-book-template=\"default\" data-trigger=\"\"><\/div><script type=\"text\/javascript\">window.FB3D_CLIENT_DATA = window.FB3D_CLIENT_DATA || [];FB3D_CLIENT_DATA.push('eyJwb3N0cyI6eyIyMjE1NyI6eyJJRCI6MjIxNTcsInRpdGxlIjoiQ2VuYSBLLlMuIF8gVHJ1bGxleW92XHUwMGUxIiwidHlwZSI6InBkZiIsInJlYWR5X2Z1bmN0aW9uIjoiIiwiYm9va19zdHlsZSI6ImZsYXQiLCJib29rX3RlbXBsYXRlIjoibm9uZSIsIm91dGxpbmUiOltdLCJkYXRhIjp7InBvc3RfSUQiOiIyMjE1OCIsImd1aWQiOiJodHRwczpcL1wvdGhpbmt0b3Bhei5jelwvd3AtY29udGVudFwvdXBsb2Fkc1wvMjAyNlwvMDNcL0thdGVyaW5hLVRydWxsZXlvdmEucGRmIiwicGRmX3BhZ2VzIjoiODUiLCJwYWdlc19jdXN0b21pemF0aW9uIjoibm9uZSJ9LCJ0aHVtYm5haWwiOnsiZGF0YSI6eyJwb3N0X0lEIjoiMCJ9LCJ0eXBlIjoiYXV0byJ9LCJwcm9wcyI6eyJiYWNrZ3JvdW5kQ29sb3IiOiJhdXRvIiwiYmFja2dyb3VuZEltYWdlIjoiYXV0byIsImJhY2tncm91bmRTdHlsZSI6ImF1dG8iLCJoaWdobGlnaHRMaW5rcyI6ImF1dG8iLCJsaWdodGluZyI6ImF1dG8iLCJzaW5nbGVQYWdlTW9kZSI6ImF1dG8iLCJjYWNoZWRQYWdlcyI6ImF1dG8iLCJyZW5kZXJJbmFjdGl2ZVBhZ2VzIjoiYXV0byIsInJlbmRlckluYWN0aXZlUGFnZXNPbk1vYmlsZSI6ImF1dG8iLCJyZW5kZXJXaGlsZUZsaXBwaW5nIjoiYXV0byIsInByZWxvYWRQYWdlcyI6ImF1dG8iLCJhdXRvUGxheUR1cmF0aW9uIjoiYXV0byIsInJ0bCI6ImF1dG8iLCJpbnRlcmFjdGl2ZUNvcm5lcnMiOiJhdXRvIiwibWF4RGVwdGgiOiJhdXRvIiwic2hlZXQiOnsic3RhcnRWZWxvY2l0eSI6ImF1dG8iLCJ3YXZlIjoiYXV0byIsInNoYXBlIjoiYXV0byIsIndpZHRoVGV4ZWxzIjoiYXV0byIsImNvbG9yIjoiYXV0byIsInNpZGUiOiJhdXRvIiwic3RyZXRjaEltYWdlcyI6ImF1dG8iLCJjb3JuZXJEZXZpYXRpb24iOiJhdXRvIiwiZmxleGliaWxpdHkiOiJhdXRvIiwiZmxleGlibGVDb3JuZXIiOiJhdXRvIiwiYmVuZGluZyI6ImF1dG8iLCJoZWlnaHRUZXhlbHMiOiJhdXRvIn0sImNvdmVyIjp7IndhdmUiOiJhdXRvIiwiY29sb3IiOiJhdXRvIiwic2lkZSI6ImF1dG8iLCJzdHJldGNoSW1hZ2VzIjoiYXV0byIsImJpbmRlclRleHR1cmUiOiJhdXRvIiwiZGVwdGgiOiJhdXRvIiwicGFkZGluZyI6ImF1dG8iLCJzdGFydFZlbG9jaXR5IjoiYXV0byIsImZsZXhpYmlsaXR5IjoiYXV0byIsImZsZXhpYmxlQ29ybmVyIjoiYXV0byIsImJlbmRpbmciOiJhdXRvIiwid2lkdGhUZXhlbHMiOiJhdXRvIiwiaGVpZ2h0VGV4ZWxzIjoiYXV0byIsIm1hc3MiOiJhdXRvIiwic2hhcGUiOiJhdXRvIn0sInBhZ2UiOnsid2F2ZSI6ImF1dG8iLCJjb2xvciI6ImF1dG8iLCJzaWRlIjoiYXV0byIsInN0cmV0Y2hJbWFnZXMiOiJhdXRvIiwiZGVwdGgiOiJhdXRvIiwic3RhcnRWZWxvY2l0eSI6ImF1dG8iLCJmbGV4aWJpbGl0eSI6ImF1dG8iLCJmbGV4aWJsZUNvcm5lciI6ImF1dG8iLCJiZW5kaW5nIjoiYXV0byIsIndpZHRoVGV4ZWxzIjoiYXV0byIsImhlaWdodFRleGVscyI6ImF1dG8iLCJtYXNzIjoiYXV0byIsInNoYXBlIjoiYXV0byJ9LCJoZWlnaHQiOiJhdXRvIiwid2lkdGgiOiJhdXRvIiwiZ3Jhdml0eSI6ImF1dG8iLCJwYWdlc0ZvclByZWRpY3RpbmciOiJhdXRvIn0sImNvbnRyb2xQcm9wcyI6eyJhY3Rpb25zIjp7ImNtZFRvYyI6eyJlbmFibGVkIjoiYXV0byIsImVuYWJsZWRJbk5hcnJvdyI6ImF1dG8iLCJhY3RpdmUiOiJhdXRvIiwiZGVmYXVsdFRhYiI6ImF1dG8ifSwiY21kQXV0b1BsYXkiOnsiZW5hYmxlZCI6ImF1dG8iLCJlbmFibGVkSW5OYXJyb3ciOiJhdXRvIiwiYWN0aXZlIjoiYXV0byJ9LCJjbWRTYXZlIjp7ImVuYWJsZWQiOiJhdXRvIiwiZW5hYmxlZEluTmFycm93IjoiYXV0byJ9LCJjbWRQcmludCI6eyJlbmFibGVkIjoiYXV0byIsImVuYWJsZWRJbk5hcnJvdyI6ImF1dG8ifSwiY21kU2luZ2xlUGFnZSI6eyJlbmFibGVkIjoiYXV0byIsImVuYWJsZWRJbk5hcnJvdyI6ImF1dG8iLCJhY3RpdmUiOiJhdXRvIiwiYWN0aXZlRm9yTW9iaWxlIjoiYXV0byJ9LCJ3aWRUb29sYmFyIjp7ImVuYWJsZWQiOiJhdXRvIiwiZW5hYmxlZEluTmFycm93IjoiYXV0byJ9fX0sImF1dG9UaHVtYm5haWwiOiJodHRwczpcL1wvdGhpbmt0b3Bhei5jelwvd3AtY29udGVudFwvdXBsb2Fkc1wvM2QtZmxpcC1ib29rXC9hdXRvLXRodW1ibmFpbHNcLzIyMTU3LnBuZyIsInBvc3RfbmFtZSI6ImNlbmEtay1zLV8tdHJ1bGxleW92YSIsInBvc3RfdHlwZSI6IjNkLWZsaXAtYm9vayJ9fSwicGFnZXMiOltdLCJmaXJzdFBhZ2VzIjpbXX0=');window.FB3D_CLIENT_LOCALE && FB3D_CLIENT_LOCALE.render && FB3D_CLIENT_LOCALE.render();<\/script>","protected":false},"excerpt":{"rendered":"<p>1. m\u00edsto v 6. ro\u010dn\u00edku Ceny Karla Schwarzenberga&nbsp;z\u00edskala&nbsp;Kate\u0159ina Trulleyov\u00e1&nbsp;za pr\u00e1ci&nbsp;\u201eGender Apartheid in Afghanistan: Analyzing the Taliban\u2019s Policies and the European Union\u2019s Response.\u201c Kate\u0159ina se ve sv\u00e9 pr\u00e1ci zam\u011b\u0159ila na situaci \u017een a d\u00edvek v Afgh\u00e1nist\u00e1nu po n\u00e1vratu hnut\u00ed Taliban k moci a na reakci mezin\u00e1rodn\u00edho spole\u010denstv\u00ed, zejm\u00e9na Evropsk\u00e9 unie. V centru jej\u00ed anal\u00fdzy stoj\u00ed koncept [&hellip;]<\/p>","protected":false},"author":8,"featured_media":22155,"comment_status":"closed","ping_status":"","sticky":false,"template":"","format":"standard","meta":{"footnotes":""},"categories":[5,162],"tags":[],"class_list":["post-22154","post","type-post","status-publish","format-standard","has-post-thumbnail","hentry","category-aktuality","category-cena-karla-schwarzenberga"],"_links":{"self":[{"href":"https:\/\/thinktopaz.cz\/en\/wp-json\/wp\/v2\/posts\/22154","targetHints":{"allow":["GET"]}}],"collection":[{"href":"https:\/\/thinktopaz.cz\/en\/wp-json\/wp\/v2\/posts"}],"about":[{"href":"https:\/\/thinktopaz.cz\/en\/wp-json\/wp\/v2\/types\/post"}],"author":[{"embeddable":true,"href":"https:\/\/thinktopaz.cz\/en\/wp-json\/wp\/v2\/users\/8"}],"replies":[{"embeddable":true,"href":"https:\/\/thinktopaz.cz\/en\/wp-json\/wp\/v2\/comments?post=22154"}],"version-history":[{"count":1,"href":"https:\/\/thinktopaz.cz\/en\/wp-json\/wp\/v2\/posts\/22154\/revisions"}],"predecessor-version":[{"id":22159,"href":"https:\/\/thinktopaz.cz\/en\/wp-json\/wp\/v2\/posts\/22154\/revisions\/22159"}],"wp:featuredmedia":[{"embeddable":true,"href":"https:\/\/thinktopaz.cz\/en\/wp-json\/wp\/v2\/media\/22155"}],"wp:attachment":[{"href":"https:\/\/thinktopaz.cz\/en\/wp-json\/wp\/v2\/media?parent=22154"}],"wp:term":[{"taxonomy":"category","embeddable":true,"href":"https:\/\/thinktopaz.cz\/en\/wp-json\/wp\/v2\/categories?post=22154"},{"taxonomy":"post_tag","embeddable":true,"href":"https:\/\/thinktopaz.cz\/en\/wp-json\/wp\/v2\/tags?post=22154"}],"curies":[{"name":"wp","href":"https:\/\/api.w.org\/{rel}","templated":true}]}}