{"id":22163,"date":"2026-03-24T13:18:37","date_gmt":"2026-03-24T12:18:37","guid":{"rendered":"https:\/\/thinktopaz.cz\/?p=22163"},"modified":"2026-03-24T18:53:36","modified_gmt":"2026-03-24T17:53:36","slug":"topaz-ocenil-talentovane-studenty-v-senatu-parlamentu-ceske-republiky","status":"publish","type":"post","link":"https:\/\/thinktopaz.cz\/en\/2026\/03\/24\/topaz-ocenil-talentovane-studenty-v-senatu-parlamentu-ceske-republiky\/","title":{"rendered":"TOPAZ ocenil talentovan\u00e9 studenty v Sen\u00e1tu Parlamentu \u010cesk\u00e9 republiky"},"content":{"rendered":"<p>Dne 24. b\u0159ezna 2026 prob\u011bhlo v prostor\u00e1ch Sen\u00e1tu Parlamentu \u010cesk\u00e9 republiky slavnostn\u00ed p\u0159ed\u00e1n\u00ed ocen\u011bn\u00ed v\u00fdherc\u016fm 6. ro\u010dn\u00edku studentsk\u00e9 sout\u011b\u017ee Cena Karla Schwarzenberga, kterou organizuje think tank TOPAZ. Ocen\u011bn\u00ed byla p\u0159ed\u00e1na za p\u0159\u00edtomnosti sen\u00e1tora Jana Grulicha, p\u0159edsedy sn\u011bmovn\u00edho \u0161kolsk\u00e9ho v\u00fdboru Mat\u011bje Ond\u0159eje Havla, p\u0159edsedkyn\u011b Akademick\u00e9 rady TOPAZ Lucie Tungul a v\u00fdkonn\u00e9 \u0159editelky institutu Evy \u0160afr\u00e1nkov\u00e9.<\/p>\n\n\n\n<p>Cenu Karla Schwarzenberga za nejlep\u0161\u00ed v\u011bdeck\u00e9 studentsk\u00e9 pr\u00e1ce ud\u011bluje Akademick\u00e1 rada TOPAZ od roku 2020 v\u017edy t\u0159em vybran\u00fdm student\u016fm \u010di \u010derstv\u00fdm absolvent\u016fm.&nbsp;Studenti sv\u00fdmi pracemi p\u0159in\u00e1\u0161ej\u00ed nov\u00e9 my\u0161lenky, analytick\u00e9 p\u0159\u00edstupy i hlub\u0161\u00ed porozum\u011bn\u00ed aktu\u00e1ln\u00edm spole\u010densk\u00fdm a mezin\u00e1rodn\u00edm t\u00e9mat\u016fm. Sout\u011b\u017e si tak klade za c\u00edl podporovat jejich odborn\u00fd r\u016fst, kritick\u00e9 my\u0161len\u00ed a zapojen\u00ed do ve\u0159ejn\u00e9 debaty.<\/p>\n\n\n\n<p><strong><em>\u201eJsem r\u00e1d, \u017ee jsem dnes spole\u010dn\u011b s TOPAZ mohl p\u0159edat Cenu Karla Schwarzenberga mlad\u00fdm talent\u016fm za jejich v\u00fdjime\u010dn\u00e9&nbsp;kvalifika\u010dn\u00ed&nbsp;pr\u00e1ce. Karel Schwarzenberg v\u017edy v\u011b\u0159il v mladou generaci, o to v\u011bt\u0161\u00ed ct\u00ed pro m\u011b je na tuto tradici navazovat. Podpora mlad\u00fdch lid\u00ed a jejich n\u00e1pad\u016f m\u00e1 smysl,\u201c<\/em><\/strong>&nbsp;uvedl p\u0159edseda \u0161kolsk\u00e9ho v\u00fdboru a \u010dlen v\u00fdkonn\u00e9 rady TOPAZ Mat\u011bj Ond\u0159ej Havel.&nbsp;<\/p>\n\n\n\n<p><strong>Ocen\u011bn\u00ed studenti a jejich pr\u00e1ce:<\/strong><\/p>\n\n\n\n<p><strong>1. m\u00edsto<\/strong><br><a href=\"https:\/\/thinktopaz.cz\/wp-content\/uploads\/2026\/03\/Katerina-Trulleyova.pdf\">1st place\nKate\u0159ina Trulleyov\u00e1: Gender Apartheid in Afghanistan: Analyzing the Taliban's Policies and the European Union's Response\u00a0<em>Gender Apartheid in Afghanistan: Analyzing the Taliban\u2019s Policies and the European Union\u2019s Response<\/em><\/a><\/p>\n\n\n\n<p><strong>2. m\u00edsto<\/strong><br><a href=\"https:\/\/thinktopaz.cz\/wp-content\/uploads\/2026\/03\/susa_merged-2.pdf\">2nd place\nRichard S\u016fsa: Medi\u00e1ln\u00ed obraz poslanc\u016f v \u010desk\u00e9m denn\u00edm tisku\u00a0<em>Medi\u00e1ln\u00ed obraz poslanc\u016f v \u010desk\u00e9m denn\u00edm tisku<\/em><\/a><\/p>\n\n\n\n<p><strong>3rd place\nNela Ham\u00e1\u010dkov\u00e1: Plodnost a slad\u011bn\u00ed rodinn\u00e9ho \u017eivota s prac\u00ed<\/strong><br><a href=\"https:\/\/thinktopaz.cz\/wp-content\/uploads\/2026\/03\/nelahamackova_dp_merged.pdf\">Nela Ham\u00e1\u010dkov\u00e1:\u00a0<em>Plodnost a slad\u011bn\u00ed rodinn\u00e9ho \u017eivota s prac\u00ed<\/em><\/a><\/p>\n\n\n\n<p><strong>The Academic Council also awarded two honorary mentions to the following papers:<\/strong><\/p>\n\n\n\n<p><a href=\"https:\/\/thinktopaz.cz\/wp-content\/uploads\/2026\/03\/Ginzel-merged.pdf\">Tom\u00e1\u0161 Ginzel:\u00a0<em>The Breaking Point: The Rebuilding of European Security Architecture<\/em><\/a><a href=\"https:\/\/thinktopaz.cz\/wp-content\/uploads\/2026\/03\/Prenosilova-merged.pdf\"><br>Pavla P\u0159enosilov\u00e1:\u00a0<em>Tom\u00e1\u0161 Ginzel: The Breaking Point: The Rebuilding of European Security Architecture\nPavla P\u0159enosilov\u00e1: A case study of the shift in perception of Russia in Czech Politics: Investigation of the Vrb\u011btice ammunition warehouse explosion<\/em><\/a><\/p>\n\n\n\n<p><\/p>\n\n\n\n<p>V\u0161em ocen\u011bn\u00fdm srde\u010dn\u011b gratulujeme. Vyhl\u00e1\u0161en\u00ed 7. ro\u010dn\u00edku sout\u011b\u017ee je pl\u00e1nov\u00e1no na kv\u011bten 2026.<\/p>\n\n\n\n<p><\/p>","protected":false},"excerpt":{"rendered":"<p>Dne 24. b\u0159ezna 2026 prob\u011bhlo v prostor\u00e1ch Sen\u00e1tu Parlamentu \u010cesk\u00e9 republiky slavnostn\u00ed p\u0159ed\u00e1n\u00ed ocen\u011bn\u00ed v\u00fdherc\u016fm 6. ro\u010dn\u00edku studentsk\u00e9 sout\u011b\u017ee Cena Karla Schwarzenberga, kterou organizuje think tank TOPAZ. Ocen\u011bn\u00ed byla p\u0159ed\u00e1na za p\u0159\u00edtomnosti sen\u00e1tora Jana Grulicha, p\u0159edsedy sn\u011bmovn\u00edho \u0161kolsk\u00e9ho v\u00fdboru Mat\u011bje Ond\u0159eje Havla, p\u0159edsedkyn\u011b Akademick\u00e9 rady TOPAZ Lucie Tungul a v\u00fdkonn\u00e9 \u0159editelky institutu Evy \u0160afr\u00e1nkov\u00e9. Cenu [&hellip;]<\/p>","protected":false},"author":8,"featured_media":22171,"comment_status":"closed","ping_status":"","sticky":false,"template":"","format":"standard","meta":{"footnotes":""},"categories":[5,162],"tags":[],"class_list":["post-22163","post","type-post","status-publish","format-standard","has-post-thumbnail","hentry","category-aktuality","category-cena-karla-schwarzenberga"],"_links":{"self":[{"href":"https:\/\/thinktopaz.cz\/en\/wp-json\/wp\/v2\/posts\/22163","targetHints":{"allow":["GET"]}}],"collection":[{"href":"https:\/\/thinktopaz.cz\/en\/wp-json\/wp\/v2\/posts"}],"about":[{"href":"https:\/\/thinktopaz.cz\/en\/wp-json\/wp\/v2\/types\/post"}],"author":[{"embeddable":true,"href":"https:\/\/thinktopaz.cz\/en\/wp-json\/wp\/v2\/users\/8"}],"replies":[{"embeddable":true,"href":"https:\/\/thinktopaz.cz\/en\/wp-json\/wp\/v2\/comments?post=22163"}],"version-history":[{"count":2,"href":"https:\/\/thinktopaz.cz\/en\/wp-json\/wp\/v2\/posts\/22163\/revisions"}],"predecessor-version":[{"id":22169,"href":"https:\/\/thinktopaz.cz\/en\/wp-json\/wp\/v2\/posts\/22163\/revisions\/22169"}],"wp:featuredmedia":[{"embeddable":true,"href":"https:\/\/thinktopaz.cz\/en\/wp-json\/wp\/v2\/media\/22171"}],"wp:attachment":[{"href":"https:\/\/thinktopaz.cz\/en\/wp-json\/wp\/v2\/media?parent=22163"}],"wp:term":[{"taxonomy":"category","embeddable":true,"href":"https:\/\/thinktopaz.cz\/en\/wp-json\/wp\/v2\/categories?post=22163"},{"taxonomy":"post_tag","embeddable":true,"href":"https:\/\/thinktopaz.cz\/en\/wp-json\/wp\/v2\/tags?post=22163"}],"curies":[{"name":"wp","href":"https:\/\/api.w.org\/{rel}","templated":true}]}}