{"id":22174,"date":"2026-03-27T10:27:25","date_gmt":"2026-03-27T09:27:25","guid":{"rendered":"https:\/\/thinktopaz.cz\/?p=22174"},"modified":"2026-03-30T14:32:20","modified_gmt":"2026-03-30T12:32:20","slug":"webinar-zeny-v-top-09-sdilene-pribehy-odvahy-zkusenosti-a-spoluprace","status":"publish","type":"post","link":"https:\/\/thinktopaz.cz\/en\/2026\/03\/27\/webinar-zeny-v-top-09-sdilene-pribehy-odvahy-zkusenosti-a-spoluprace\/","title":{"rendered":"Webin\u00e1\u0159 &#8211; \u017deny\u00a0v TOP 09: Sd\u00edlen\u00e9 p\u0159\u00edb\u011bhy odvahy, zku\u0161enosti a spolupr\u00e1ce\u00a0"},"content":{"rendered":"<p>V dob\u011b, kdy se st\u00e1le \u010dast\u011bji otev\u00edr\u00e1 debata o zapojen\u00ed \u017een do politiky, p\u0159inesl b\u0159eznov\u00fd webin\u00e1\u0159 TOPAZ inspirativn\u00ed a z\u00e1rove\u0148 velmi praktick\u00fd pohled na zku\u0161enosti t\u011bch, kter\u00e9 u\u017e ve ve\u0159ejn\u00e9m prostoru aktivn\u011b p\u016fsob\u00ed.&nbsp;Diskuze&nbsp;s n\u00e1zvem \u201e\u017deny v TOP 09: Sd\u00edlen\u00e9 p\u0159\u00edb\u011bhy odvahy, zku\u0161enosti a spolupr\u00e1ce\u201c nab\u00eddla kombinaci osobn\u00edch p\u0159\u00edb\u011bh\u016f, konkr\u00e9tn\u00edch rad i sd\u00edlen\u00ed situac\u00ed, se kter\u00fdmi se \u017eeny v politice setk\u00e1vaj\u00ed. Hlavn\u00ed hostkou byla poslankyn\u011b a starostka Jesen\u00edku Zde\u0148ka&nbsp;Bli\u0161\u0165anov\u00e1, moderace se ujala Lucie&nbsp;Tungul.&nbsp;&nbsp;<\/p>\n\n\n\n<p>Uk\u00e1zalo se, \u017ee nejde jen o ot\u00e1zku zastoupen\u00ed, ale p\u0159edev\u0161\u00edm o prost\u0159ed\u00ed, ve kter\u00e9m \u017eeny p\u016fsob\u00ed, a o podm\u00ednky, kter\u00e9 jejich zapojen\u00ed bu\u010f podporuj\u00ed, nebo naopak komplikuj\u00ed.&nbsp;<\/p>\n\n\n\n<p><strong>Cesta do politiky nemus\u00ed b\u00fdt p\u0159\u00edm\u00e1<\/strong>&nbsp;<\/p>\n\n\n\n<p>Zde\u0148ka&nbsp;Bli\u0161\u0165anov\u00e1&nbsp;popsala svou profesn\u00ed dr\u00e1hu, kter\u00e1 do politiky vedla postupn\u011b. P\u016fvodn\u011b p\u016fsobila ve \u0161kolstv\u00ed jako u\u010ditelka a pozd\u011bji \u0159editelka \u0161koly. Do ve\u0159ejn\u00e9ho \u017eivota vstoupila a\u017e ve chv\u00edli, kdy dostala p\u0159\u00edle\u017eitost zapojit se do komun\u00e1ln\u00ed politiky. N\u00e1sledn\u011b se stala starostkou a dnes p\u016fsob\u00ed i jako poslankyn\u011b.&nbsp;<\/p>\n\n\n\n<p>Jej\u00ed zku\u0161enost ukazuje, \u017ee vstup do politiky nen\u00ed vyhrazen jen lidem, kte\u0159\u00ed se na ni p\u0159ipravuj\u00ed od ml\u00e1d\u00ed. Naopak d\u016fle\u017eitou roli hraj\u00ed praxe, schopnost n\u00e9st odpov\u011bdnost a tak\u00e9 t\u00fdm, na kter\u00fd se lze spolehnout. Kl\u00ed\u010dov\u00e1 je z\u00e1rove\u0148 ochota u\u010dit se a adaptovat na nov\u00e9 situace.&nbsp;<\/p>\n\n\n\n<p><strong>Jak ust\u00e1t tlak a ve\u0159ejnou kritiku<\/strong>&nbsp;<\/p>\n\n\n\n<p>Velmi praktick\u00e1 \u010d\u00e1st diskuse se v\u011bnovala tomu, jak zvl\u00e1dat tlak, kter\u00fd s sebou ve\u0159ejn\u00e1 funkce p\u0159in\u00e1\u0161\u00ed. Kritika je podle Zde\u0148ky&nbsp;Bli\u0161\u0165anov\u00e9&nbsp;nevyhnutelnou sou\u010d\u00e1st\u00ed politiky a \u010dasto p\u0159ich\u00e1z\u00ed bez ohledu na to, jak kvalitn\u011b \u010dlov\u011bk pracuje.&nbsp;<\/p>\n\n\n\n<p>Z\u00e1sadn\u00ed je proto schopnost vytvo\u0159it si odstup a nep\u0159eb\u00edrat automaticky ka\u017edou negativn\u00ed reakci jako osobn\u00ed selh\u00e1n\u00ed. Velkou oporu p\u0159edstavuje i okol\u00ed, tedy lid\u00e9, kte\u0159\u00ed dok\u00e1\u017eou poskytnout realistickou zp\u011btnou vazbu a podr\u017eet ve chv\u00edl\u00edch, kdy je tlak nejv\u011bt\u0161\u00ed. Pr\u00e1v\u011b kombinace vnit\u0159n\u00ed jistoty a podp\u016frn\u00e9ho z\u00e1zem\u00ed umo\u017e\u0148uje dlouhodob\u011b fungovat bez vy\u010derp\u00e1n\u00ed.&nbsp;<\/p>\n\n\n\n<p><strong>Sebev\u011bdom\u00ed jako dovednost, ne samoz\u0159ejmost<\/strong>&nbsp;<\/p>\n\n\n\n<p>Diskuze&nbsp;se dotkla i t\u00e9matu sebev\u011bdom\u00ed, kter\u00e9 je pro ve\u0159ejn\u00e9 vystupov\u00e1n\u00ed kl\u00ed\u010dov\u00e9. Zazn\u011blo, \u017ee \u017eeny \u010dasto p\u0159istupuj\u00ed ke sv\u00fdm v\u00fdstup\u016fm s v\u011bt\u0161\u00ed m\u00edrou sebekritiky a d\u016fkladn\u011b zva\u017euj\u00ed, co a jak \u0159eknou. Mlad\u0161\u00ed generace naopak p\u0159in\u00e1\u0161\u00ed v\u011bt\u0161\u00ed p\u0159\u00edmo\u010darost a odvahu j\u00edt s n\u00e1zorem ven.&nbsp;<\/p>\n\n\n\n<p>Tyto p\u0159\u00edstupy se p\u0159itom nevylu\u010duj\u00ed,&nbsp;naopak se mohou dob\u0159e dopl\u0148ovat. Zku\u0161enost a rozvaha na jedn\u00e9 stran\u011b, energie a p\u0159irozenost na stran\u011b druh\u00e9 vytv\u00e1\u0159ej\u00ed vyv\u00e1\u017een\u00fd z\u00e1klad pro fungov\u00e1n\u00ed t\u00fdm\u016f i jednotlivc\u016f.&nbsp;<\/p>\n\n\n\n<p><strong>Prost\u0159ed\u00ed hraje z\u00e1sadn\u00ed roli<\/strong>&nbsp;<\/p>\n\n\n\n<p>Z diskuse jasn\u011b vyplynulo, \u017ee zku\u0161enost \u017een v politice se li\u0161\u00ed podle regionu i konkr\u00e9tn\u00edho prost\u0159ed\u00ed. N\u011bkde je jejich zapojen\u00ed p\u0159irozenou sou\u010d\u00e1st\u00ed fungov\u00e1n\u00ed, jinde je pot\u0159eba v\u011bt\u0161\u00ed \u00fasil\u00ed, aby se prosadily.&nbsp;<\/p>\n\n\n\n<p>Rozhoduj\u00edc\u00edmi faktory jsou p\u0159edev\u0161\u00edm otev\u0159en\u00e1 komunikace, transparentn\u00ed p\u0159\u00edstup k p\u0159\u00edle\u017eitostem a ochota zapojovat nov\u00e9 tv\u00e1\u0159e. Pr\u00e1v\u011b to m\u016f\u017ee v\u00fdrazn\u011b ovlivnit, zda se \u017eeny rozhodnou do politiky vstoupit a zda v n\u00ed tak\u00e9 z\u016fstanou.&nbsp;<\/p>\n\n\n\n<p><strong>Sd\u00edlen\u00ed zku\u0161enost\u00ed jako opora<\/strong>&nbsp;<\/p>\n\n\n\n<p>Siln\u00fdm motivem cel\u00e9ho setk\u00e1n\u00ed byla vz\u00e1jemn\u00e1 podpora. Mo\u017enost sd\u00edlet zku\u0161enosti, pt\u00e1t se a otev\u0159en\u011b mluvit o nejistot\u00e1ch se ukazuje jako z\u00e1sadn\u00ed, zejm\u00e9na pro \u017eeny, kter\u00e9 o vstupu do politiky teprve uva\u017euj\u00ed.&nbsp;<\/p>\n\n\n\n<p>\u010casto pr\u00e1v\u011b osobn\u00ed osloven\u00ed nebo konkr\u00e9tn\u00ed p\u0159\u00edklad z praxe p\u0159edstavuje ten moment, kdy se z v\u00e1h\u00e1n\u00ed stane rozhodnut\u00ed zapojit se. Politika tak p\u0159est\u00e1v\u00e1 b\u00fdt vzd\u00e1len\u00fdm sv\u011btem a st\u00e1v\u00e1 se n\u011b\u010d\u00edm, co je dosa\u017eiteln\u00e9.&nbsp;<\/p>\n\n\n\n<p><strong>Nov\u00e1 platforma jako prostor pro propojen\u00ed<\/strong>&nbsp;<\/p>\n\n\n\n<p>Sou\u010d\u00e1st\u00ed webin\u00e1\u0159e bylo i p\u0159edstaven\u00ed nov\u011b vznikaj\u00edc\u00ed \u017eensk\u00e9 platformy TOP 09. Ta m\u00e1 ambici vytv\u00e1\u0159et prostor pro setk\u00e1v\u00e1n\u00ed, sd\u00edlen\u00ed zku\u0161enost\u00ed a vz\u00e1jemnou podporu nap\u0159\u00ed\u010d regiony.&nbsp;<\/p>\n\n\n\n<p>C\u00edlem nen\u00ed oslovit pouze st\u00e1vaj\u00edc\u00ed \u010dlenky, ale otev\u0159\u00edt dve\u0159e i dal\u0161\u00edm \u017een\u00e1m, kter\u00e9 o ve\u0159ejn\u00e9m anga\u017em\u00e1 p\u0159em\u00fd\u0161lej\u00ed. D\u016fle\u017eitou sou\u010d\u00e1st\u00ed budou i praktick\u00e1 t\u00e9mata, nap\u0159\u00edklad p\u0159\u00edprava na komun\u00e1ln\u00ed volby nebo mentoring.&nbsp;<\/p>\n\n\n\n<p><strong>Co si z debaty odn\u00e9st?<\/strong>&nbsp;<\/p>\n\n\n\n<p>Diskuze&nbsp;nab\u00eddla realistick\u00fd pohled na fungov\u00e1n\u00ed politiky, ale z\u00e1rove\u0148 i jasn\u00fd sign\u00e1l, \u017ee zm\u011bna je mo\u017en\u00e1. Ukazuje se, \u017ee zapojen\u00ed \u017een postupn\u011b roste a \u017ee kl\u00ed\u010dovou roli hraje kombinace odvahy, podpory a sd\u00edlen\u00e9 zku\u0161enosti.&nbsp;<\/p>\n\n\n\n<p>Z\u00e1rove\u0148 plat\u00ed, \u017ee pestrost pohled\u016f vede k lep\u0161\u00edm rozhodnut\u00edm a kvalitn\u011bj\u0161\u00edmu ve\u0159ejn\u00e9mu prostoru. Webin\u00e1\u0159 tak nebyl jen reflex\u00ed sou\u010dasn\u00e9ho stavu, ale p\u0159edev\u0161\u00edm povzbuzen\u00edm pro v\u0161echny, kter\u00e9 uva\u017euj\u00ed o tom, \u017ee by se samy aktivn\u011b zapojily.&nbsp;<\/p>","protected":false},"excerpt":{"rendered":"<p>V dob\u011b, kdy se st\u00e1le \u010dast\u011bji otev\u00edr\u00e1 debata o zapojen\u00ed \u017een do politiky, p\u0159inesl b\u0159eznov\u00fd webin\u00e1\u0159 TOPAZ inspirativn\u00ed a z\u00e1rove\u0148 velmi praktick\u00fd pohled na zku\u0161enosti t\u011bch, kter\u00e9 u\u017e ve ve\u0159ejn\u00e9m prostoru aktivn\u011b p\u016fsob\u00ed.&nbsp;Diskuze&nbsp;s n\u00e1zvem \u201e\u017deny v TOP 09: Sd\u00edlen\u00e9 p\u0159\u00edb\u011bhy odvahy, zku\u0161enosti a spolupr\u00e1ce\u201c nab\u00eddla kombinaci osobn\u00edch p\u0159\u00edb\u011bh\u016f, konkr\u00e9tn\u00edch rad i sd\u00edlen\u00ed situac\u00ed, se kter\u00fdmi [&hellip;]<\/p>","protected":false},"author":8,"featured_media":22177,"comment_status":"closed","ping_status":"","sticky":false,"template":"","format":"standard","meta":{"footnotes":""},"categories":[5],"tags":[],"class_list":["post-22174","post","type-post","status-publish","format-standard","has-post-thumbnail","hentry","category-aktuality"],"_links":{"self":[{"href":"https:\/\/thinktopaz.cz\/en\/wp-json\/wp\/v2\/posts\/22174","targetHints":{"allow":["GET"]}}],"collection":[{"href":"https:\/\/thinktopaz.cz\/en\/wp-json\/wp\/v2\/posts"}],"about":[{"href":"https:\/\/thinktopaz.cz\/en\/wp-json\/wp\/v2\/types\/post"}],"author":[{"embeddable":true,"href":"https:\/\/thinktopaz.cz\/en\/wp-json\/wp\/v2\/users\/8"}],"replies":[{"embeddable":true,"href":"https:\/\/thinktopaz.cz\/en\/wp-json\/wp\/v2\/comments?post=22174"}],"version-history":[{"count":2,"href":"https:\/\/thinktopaz.cz\/en\/wp-json\/wp\/v2\/posts\/22174\/revisions"}],"predecessor-version":[{"id":22178,"href":"https:\/\/thinktopaz.cz\/en\/wp-json\/wp\/v2\/posts\/22174\/revisions\/22178"}],"wp:featuredmedia":[{"embeddable":true,"href":"https:\/\/thinktopaz.cz\/en\/wp-json\/wp\/v2\/media\/22177"}],"wp:attachment":[{"href":"https:\/\/thinktopaz.cz\/en\/wp-json\/wp\/v2\/media?parent=22174"}],"wp:term":[{"taxonomy":"category","embeddable":true,"href":"https:\/\/thinktopaz.cz\/en\/wp-json\/wp\/v2\/categories?post=22174"},{"taxonomy":"post_tag","embeddable":true,"href":"https:\/\/thinktopaz.cz\/en\/wp-json\/wp\/v2\/tags?post=22174"}],"curies":[{"name":"wp","href":"https:\/\/api.w.org\/{rel}","templated":true}]}}