{"id":22231,"date":"2026-04-28T13:48:22","date_gmt":"2026-04-28T11:48:22","guid":{"rendered":"https:\/\/thinktopaz.cz\/?p=22231"},"modified":"2026-04-28T22:50:14","modified_gmt":"2026-04-28T20:50:14","slug":"cena-karla-schwarzenberga-motivace-a-podpora-mladych-autoru","status":"publish","type":"post","link":"https:\/\/thinktopaz.cz\/en\/2026\/04\/28\/cena-karla-schwarzenberga-motivace-a-podpora-mladych-autoru\/","title":{"rendered":"Cena Karla Schwarzenberga:\u00a0motivace a\u00a0podpora mlad\u00fdch autor\u016f\u00a0"},"content":{"rendered":"<p>Cena Karla Schwarzenberga je studentsk\u00e1 sout\u011b\u017e zam\u011b\u0159en\u00e1 na podporu kvalitn\u00edch z\u00e1v\u011bre\u010dn\u00fdch prac\u00ed z oblasti spole\u010densk\u00fdch v\u011bd. Organizuje ji\u202fTOPAZ\u202fa&nbsp;jej\u00edm c\u00edlem je ve\u0159ejn\u011b ocenit a zviditelnit vynikaj\u00edc\u00ed absolventsk\u00e9 pr\u00e1ce. Sout\u011b\u017e d\u00e1v\u00e1 t\u011bmto prac\u00edm \u0161ir\u0161\u00ed dosah a motivuje mlad\u00e9 autory k tomu, aby se ve sv\u00e9m b\u00e1d\u00e1n\u00ed v\u011bnovali t\u00e9mat\u016fm se z\u00e1sadn\u00edm v\u00fdznamem pro sou\u010dasnou spole\u010dnost i ve\u0159ejnou debatu.&nbsp;<\/p>\n\n\n\n<p>Sout\u011b\u017e nese jm\u00e9no\u202fKarla&nbsp;Schwarzenberga, v\u00fdrazn\u00e9 osobnosti \u010desk\u00e9 politiky a ve\u0159ejn\u00e9ho \u017eivota, a symbolicky tak zd\u016fraz\u0148uje hodnoty jako ob\u010dansk\u00e1 anga\u017eovanost, odpov\u011bdnost a z\u00e1jem o v\u011bci ve\u0159ejn\u00e9.&nbsp;<\/p>\n\n\n\n<p><strong>Pro koho je sout\u011b\u017e ur\u010dena<\/strong>&nbsp;<\/p>\n\n\n\n<p>Cena je ur\u010dena student\u016fm a \u010derstv\u00fdm absolvent\u016fm bakal\u00e1\u0159sk\u00e9ho, magistersk\u00e9ho i doktorsk\u00e9ho studia. P\u0159ihl\u00e1sit lze pr\u00e1ce, kter\u00e9 se v\u011bnuj\u00ed nap\u0159\u00edklad politice, ekonomii, pr\u00e1vu, historii nebo dal\u0161\u00edm spole\u010denskov\u011bdn\u00edm obor\u016fm.&nbsp;<\/p>\n\n\n\n<p>D\u016fle\u017eit\u00fdm krit\u00e9riem je aktu\u00e1lnost t\u00e9matu a jeho relevance pro dne\u0161n\u00ed spole\u010dnost. Ocen\u011bny&nbsp;jsou&nbsp;pr\u00e1ce, kter\u00e9 p\u0159in\u00e1\u0161ej\u00ed nov\u00e9 pohledy, kvalitn\u00ed anal\u00fdzu a schopnost srozumiteln\u011b formulovat z\u00e1v\u011bry.&nbsp;<\/p>\n\n\n\n<p><strong>Co \u00fa\u010dast v sout\u011b\u017ei p\u0159in\u00e1\u0161\u00ed<\/strong>&nbsp;<\/p>\n\n\n\n<p>Sout\u011b\u017e nab\u00edz\u00ed n\u011bkolik forem ocen\u011bn\u00ed a p\u0159\u00edle\u017eitost\u00ed pro dal\u0161\u00ed rozvoj:&nbsp;<\/p>\n\n\n\n<ul class=\"wp-block-list\">\n<li>finan\u010dn\u00ed odm\u011bny pro nejlep\u0161\u00ed pr\u00e1ce&nbsp;<\/li>\n<\/ul>\n\n\n\n<ul class=\"wp-block-list\">\n<li>mo\u017enost publikace pr\u00e1ce nebo jej\u00edch \u010d\u00e1st\u00ed&nbsp;<\/li>\n<\/ul>\n\n\n\n<ul class=\"wp-block-list\">\n<li>prezentaci v\u00fdsledk\u016f p\u0159ed odbornou i politickou ve\u0159ejnost\u00ed&nbsp;<\/li>\n<\/ul>\n\n\n\n<ul class=\"wp-block-list\">\n<li>nav\u00e1z\u00e1n\u00ed kontakt\u016f s experty a dal\u0161\u00edmi talentovan\u00fdmi studenty&nbsp;<\/li>\n<\/ul>\n\n\n\n<p><\/p>\n\n\n\n<p><strong>Jak prob\u00edh\u00e1 hodnocen\u00ed<\/strong>&nbsp;<\/p>\n\n\n\n<p>O v\u00fdherc\u00edch rozhoduje Akademick\u00e1 rada TOPAZ. Hodnocen\u00ed prac\u00ed prob\u00edh\u00e1 ve dvou kolech. Nejprve\u00a0akademick\u00e1 rada posuzuje, zda pr\u00e1ce spl\u0148uje form\u00e1ln\u00ed a obsahov\u00e1 krit\u00e9ria. N\u00e1sledn\u011b se zam\u011b\u0159uje na kvalitu zpracov\u00e1n\u00ed, metodologii, pr\u00e1ci se zdroji a schopnost autora formulovat vlastn\u00ed n\u00e1zory.\u00a0<\/p>\n\n\n\n<p>D\u016fraz je kladen nejen na odbornou \u00farove\u0148, ale i na p\u0159\u00ednos t\u00e9matu pro aktu\u00e1ln\u00ed spole\u010denskou diskusi.&nbsp;<\/p>\n\n\n\n<p><strong>Pro\u010d se zapojit<\/strong>&nbsp;<\/p>\n\n\n\n<p>Cena Karla Schwarzenberga p\u0159edstavuje zaj\u00edmavou p\u0159\u00edle\u017eitost, jak d\u00e1t sv\u00e9&nbsp;kvalifika\u010dn\u00ed&nbsp;pr\u00e1ci dal\u0161\u00ed smysl a p\u0159esah. Nejde pouze o sout\u011b\u017e samotnou, ale o mo\u017enost vstoupit do \u0161ir\u0161\u00ed odborn\u00e9 komunity a zapojit se do debat, kter\u00e9 ovliv\u0148uj\u00ed ve\u0159ejn\u00fd prostor.&nbsp;<\/p>\n\n\n\n<p>Pro studenty a absolventy, kte\u0159\u00ed cht\u011bj\u00ed sv\u00e9 poznatky uplatnit i mimo akademick\u00e9 prost\u0159ed\u00ed, m\u016f\u017ee b\u00fdt \u00fa\u010dast v sout\u011b\u017ei d\u016fle\u017eit\u00fdm krokem k dal\u0161\u00edm profesn\u00edm i osobn\u00edm p\u0159\u00edle\u017eitostem.&nbsp;<\/p>","protected":false},"excerpt":{"rendered":"<p>Cena Karla Schwarzenberga je studentsk\u00e1 sout\u011b\u017e zam\u011b\u0159en\u00e1 na podporu kvalitn\u00edch z\u00e1v\u011bre\u010dn\u00fdch prac\u00ed z oblasti spole\u010densk\u00fdch v\u011bd. Organizuje ji\u202fTOPAZ\u202fa&nbsp;jej\u00edm c\u00edlem je ve\u0159ejn\u011b ocenit a zviditelnit vynikaj\u00edc\u00ed absolventsk\u00e9 pr\u00e1ce. Sout\u011b\u017e d\u00e1v\u00e1 t\u011bmto prac\u00edm \u0161ir\u0161\u00ed dosah a motivuje mlad\u00e9 autory k tomu, aby se ve sv\u00e9m b\u00e1d\u00e1n\u00ed v\u011bnovali t\u00e9mat\u016fm se z\u00e1sadn\u00edm v\u00fdznamem pro sou\u010dasnou spole\u010dnost i ve\u0159ejnou debatu.&nbsp; [&hellip;]<\/p>","protected":false},"author":8,"featured_media":22234,"comment_status":"closed","ping_status":"closed","sticky":false,"template":"","format":"standard","meta":{"footnotes":""},"categories":[5,162],"tags":[],"class_list":["post-22231","post","type-post","status-publish","format-standard","has-post-thumbnail","hentry","category-aktuality","category-cena-karla-schwarzenberga"],"_links":{"self":[{"href":"https:\/\/thinktopaz.cz\/en\/wp-json\/wp\/v2\/posts\/22231","targetHints":{"allow":["GET"]}}],"collection":[{"href":"https:\/\/thinktopaz.cz\/en\/wp-json\/wp\/v2\/posts"}],"about":[{"href":"https:\/\/thinktopaz.cz\/en\/wp-json\/wp\/v2\/types\/post"}],"author":[{"embeddable":true,"href":"https:\/\/thinktopaz.cz\/en\/wp-json\/wp\/v2\/users\/8"}],"replies":[{"embeddable":true,"href":"https:\/\/thinktopaz.cz\/en\/wp-json\/wp\/v2\/comments?post=22231"}],"version-history":[{"count":4,"href":"https:\/\/thinktopaz.cz\/en\/wp-json\/wp\/v2\/posts\/22231\/revisions"}],"predecessor-version":[{"id":22249,"href":"https:\/\/thinktopaz.cz\/en\/wp-json\/wp\/v2\/posts\/22231\/revisions\/22249"}],"wp:featuredmedia":[{"embeddable":true,"href":"https:\/\/thinktopaz.cz\/en\/wp-json\/wp\/v2\/media\/22234"}],"wp:attachment":[{"href":"https:\/\/thinktopaz.cz\/en\/wp-json\/wp\/v2\/media?parent=22231"}],"wp:term":[{"taxonomy":"category","embeddable":true,"href":"https:\/\/thinktopaz.cz\/en\/wp-json\/wp\/v2\/categories?post=22231"},{"taxonomy":"post_tag","embeddable":true,"href":"https:\/\/thinktopaz.cz\/en\/wp-json\/wp\/v2\/tags?post=22231"}],"curies":[{"name":"wp","href":"https:\/\/api.w.org\/{rel}","templated":true}]}}