{"id":22256,"date":"2026-04-28T08:35:30","date_gmt":"2026-04-28T06:35:30","guid":{"rendered":"https:\/\/thinktopaz.cz\/?p=22256"},"modified":"2026-04-28T22:56:35","modified_gmt":"2026-04-28T20:56:35","slug":"debata-na-svetu-knihy-s-nazvem-evropske-pribehy-obcanske-odvahy","status":"publish","type":"post","link":"https:\/\/thinktopaz.cz\/en\/2026\/04\/28\/debata-na-svetu-knihy-s-nazvem-evropske-pribehy-obcanske-odvahy\/","title":{"rendered":"Debata na Sv\u011btu knihy s n\u00e1zvem\u00a0Evropsk\u00e9 p\u0159\u00edb\u011bhy ob\u010dansk\u00e9 odvahy\u00a0"},"content":{"rendered":"<p>V sobotu 16. kv\u011btna od 17:00 do 18:50 se na kni\u017en\u00edm veletrhu\u202fSv\u011bt knihy 2026\u202fuskute\u010dn\u00ed debata&nbsp;think&nbsp;tanku\u202fTOPAZ\u202fs n\u00e1zvem\u202f<em>Evropsk\u00e9 p\u0159\u00edb\u011bhy ob\u010dansk\u00e9 odvahy<\/em>. V s\u00e1le Evropsk\u00e9 n\u00e1m\u011bst\u00ed nab\u00eddne setk\u00e1n\u00ed s lidmi, kte\u0159\u00ed se rozhodli p\u0159evz\u00edt odpov\u011bdnost a aktivn\u011b vstupovat do ve\u0159ejn\u00e9ho prostoru.&nbsp;<\/p>\n\n\n\n<p>Debata se zam\u011b\u0159\u00ed na samotn\u00fd pojem ob\u010dansk\u00e9 odvahy. Co znamen\u00e1 v ka\u017edodenn\u00edm \u017eivot\u011b, kdy ji \u010dlov\u011bk skute\u010dn\u011b pot\u0159ebuje a kde ji bere. Pr\u00e1v\u011b osobn\u00ed zku\u0161enosti mlad\u00e9 generace ukazuj\u00ed, \u017ee odvaha nen\u00ed abstraktn\u00ed hodnota, ale konkr\u00e9tn\u00ed rozhodnut\u00ed. \u010casto p\u0159ich\u00e1z\u00ed ve chv\u00edl\u00edch, kdy je t\u0159eba postavit se za sv\u00e9 p\u0159esv\u011bd\u010den\u00ed, i za cenu nepopularity nebo osobn\u00edho rizika.&nbsp;<\/p>\n\n\n\n<p>Prostor dostanou \u0159e\u010dn\u00edci z r\u016fzn\u00fdch oblast\u00ed ve\u0159ejn\u00e9ho \u017eivota.\u202fMat\u011bj Ond\u0159ej Havel\u202fotev\u0159e debatu pohledem z politick\u00e9ho prost\u0159ed\u00ed a role odpov\u011bdnosti ve ve\u0159ejn\u00e9 slu\u017eb\u011b. Investigativn\u00ed novin\u00e1\u0159ka\u202fZdislava Pokorn\u00e1\u202fp\u0159inese zku\u0161enosti z m\u00e9di\u00ed, kde odvaha \u010dasto znamen\u00e1 odhalovat nepohodln\u00e9 pravdy. Evropsk\u00fd rozm\u011br dopln\u00ed\u202fTeodoras&nbsp;\u017dukas\u202fa\u202fLucie Vina\u0159sk\u00e1, kte\u0159\u00ed nab\u00eddnou perspektivu instituc\u00ed i mezin\u00e1rodn\u00ed spolupr\u00e1ce. Hlas mlad\u00e9 generace zastoup\u00ed\u202fAnna Julie&nbsp;Wittmannov\u00e1, jej\u00ed\u017e p\u0159\u00edb\u011bh ukazuje, \u017ee ob\u010dansk\u00e1 anga\u017eovanost za\u010d\u00edn\u00e1 u\u017e b\u011bhem studia.&nbsp;<\/p>\n\n\n\n<p>Debata se ponese v duchu leto\u0161n\u00edho t\u00e9matu veletrhu, kter\u00e9 propojuje Evropu a jej\u00ed historii. Diskuse se dotkne i aktu\u00e1ln\u00edho kontextu, kdy jsou evropsk\u00e9 hodnoty znovu testov\u00e1ny v d\u016fsledku v\u00e1lky na Ukrajin\u011b. Pr\u00e1v\u011b v takov\u00fdch situac\u00edch se ukazuje, jak d\u016fle\u017eit\u00e9 jsou principy demokracie, svobody a osobn\u00ed odpov\u011bdnosti.&nbsp;<\/p>\n\n\n\n<p>Moderov\u00e1n\u00ed se ujme\u202fFilip Koryta&nbsp;zn\u00e1m\u00fd pod pseudonymem Dr.&nbsp;Filipitch, kter\u00fd je zn\u00e1m\u00fd svou schopnost\u00ed v\u00e9st dynamick\u00e9 a srozumiteln\u00e9 debaty.&nbsp;<\/p>\n\n\n\n<p>Akce prob\u011bhne v \u010de\u0161tin\u011b se zaji\u0161t\u011bn\u00fdm tlumo\u010den\u00edm do angli\u010dtiny. Kon\u00e1 se s finan\u010dn\u00ed podporou\u202fHanns-Seidel-Stiftung.&nbsp;<\/p>\n\n\n\n<p>Debata slibuje inspirativn\u00ed setk\u00e1n\u00ed s lidmi, kte\u0159\u00ed ukazuj\u00ed, \u017ee ob\u010dansk\u00e1 odvaha nen\u00ed v\u00fdjime\u010dn\u00e1 vlastnost, ale dovednost, kterou lze rozv\u00edjet a kter\u00e1 m\u00e1 konkr\u00e9tn\u00ed dopad na podobu spole\u010dnosti.&nbsp;<\/p>\n\n\n\n<p>V\u00edce&nbsp;informac\u00ed&nbsp;naleznete&nbsp;v&nbsp;na\u0161\u00ed&nbsp;ud\u00e1losti&nbsp;na&nbsp;FB:&nbsp;<a href=\"https:\/\/www.facebook.com\/share\/17YoFfuZ64\/?mibextid=wwXIfr\" target=\"_blank\" rel=\"noreferrer noopener\">https:\/\/www.facebook.com\/share\/17YoFfuZ64\/?mibextid=wwXIfr<\/a>&nbsp;<\/p>\n\n\n\n<figure class=\"wp-block-image size-large\"><img fetchpriority=\"high\" decoding=\"async\" width=\"724\" height=\"1024\" src=\"https:\/\/thinktopaz.cz\/wp-content\/uploads\/2026\/04\/Evropske-pribehy-obcanske-odvahy-724x1024.jpg\" alt=\"\" class=\"wp-image-22272\" srcset=\"https:\/\/thinktopaz.cz\/wp-content\/uploads\/2026\/04\/Evropske-pribehy-obcanske-odvahy-724x1024.jpg 724w, https:\/\/thinktopaz.cz\/wp-content\/uploads\/2026\/04\/Evropske-pribehy-obcanske-odvahy-212x300.jpg 212w, https:\/\/thinktopaz.cz\/wp-content\/uploads\/2026\/04\/Evropske-pribehy-obcanske-odvahy-768x1086.jpg 768w, https:\/\/thinktopaz.cz\/wp-content\/uploads\/2026\/04\/Evropske-pribehy-obcanske-odvahy-1086x1536.jpg 1086w, https:\/\/thinktopaz.cz\/wp-content\/uploads\/2026\/04\/Evropske-pribehy-obcanske-odvahy-8x12.jpg 8w, https:\/\/thinktopaz.cz\/wp-content\/uploads\/2026\/04\/Evropske-pribehy-obcanske-odvahy-600x849.jpg 600w, https:\/\/thinktopaz.cz\/wp-content\/uploads\/2026\/04\/Evropske-pribehy-obcanske-odvahy.jpg 1414w\" sizes=\"(max-width: 724px) 100vw, 724px\" \/><\/figure>\n\n\n\n<p><strong>Mat\u011bj Ond\u0159ej Havel<\/strong>&nbsp;je \u010desk\u00fd politik, pedagog a skautsk\u00fd vedouc\u00ed, kter\u00fd dlouhodob\u011b pracuje s mlad\u00fdmi lidmi. P\u016fsobil jako u\u010ditel na kr\u00e1lov\u00e9hradeck\u00e9m Biskupsk\u00e9m gymn\u00e1ziu a n\u00e1sledn\u011b jako \u0159editel Gymn\u00e1zia J. K. Tyla, kde rozv\u00edjel \u0161kolu podle vlastn\u00ed vize. Ve\u0159ejn\u011b se anga\u017euje s c\u00edlem zlep\u0161it \u010desk\u00e9 vzd\u011bl\u00e1v\u00e1n\u00ed a dnes jako p\u0159edseda V\u00fdboru pro v\u011bdu, vzd\u011bl\u00e1v\u00e1n\u00ed, ml\u00e1de\u017e a sport Poslaneck\u00e9 sn\u011bmovny prosazuje v tomto sm\u011bru syst\u00e9mov\u00e9 zm\u011bny. Jako sou\u010dasn\u00fd l\u00eddr TOP 09 je tak\u00e9 nejmlad\u0161\u00edm p\u0159edsedou politick\u00e9 strany v \u010cR a dlouhodob\u011b vede mlad\u00e9 lidi ke zodpov\u011bdnosti, slu\u017eb\u011b a hled\u00e1n\u00ed vlastn\u00ed \u017eivotn\u00ed cesty.&nbsp;<\/p>\n\n\n\n<p><strong>Zdislava Pokorn\u00e1<\/strong>&nbsp;jako novin\u00e1\u0159ka p\u016fsob\u00ed v Den\u00edku N, kde se zam\u011b\u0159uje&nbsp;nakorupci, klientelismus a propojen\u00ed politiky s byznysem. Za svou pr\u00e1ci z\u00edskala Novin\u00e1\u0159sk\u00e9 ceny za roky 2022 a 2024.&nbsp;Sv\u00e9 prvn\u00ed novin\u00e1\u0159sk\u00e9 zku\u0161enosti z\u00edskala v redakci Seznam Zpr\u00e1v. Do Den\u00edku N nastoupila v roce 2021, kde o rok pozd\u011bji publikovala s\u00e9rii investigativn\u00edch text\u016f o p\u016fsoben\u00ed kancl\u00e9\u0159e Vratislava Myn\u00e1\u0159e a poradce Martina Nejedl\u00e9ho na Pra\u017esk\u00e9m hrad\u011b. V roce 2024 upozornila na kauzu&nbsp;Voice&nbsp;of&nbsp;Europe, kter\u00e1 odhalila proruskou dezinforma\u010dn\u00ed s\u00ed\u0165 financovanou z Ruska s c\u00edlem ovlivnit evropsk\u00e9 volby. Posl\u00e9ze popsala v roce 2025 bitcoinovou kauzu, kv\u016fli kter\u00e9 Pavel Bla\u017eek odstoupil z pozice ministra spravedlnosti. V sou\u010dasnosti se v\u011bnuje projektu Mapa vlivu, v jeho\u017e r\u00e1mci mapuje region\u00e1ln\u00ed mocensk\u00e9 a klientelistick\u00e9 struktury v \u010cesk\u00e9 republice.&nbsp;<\/p>\n\n\n\n<p><strong>Teodoras&nbsp;\u017dukas<\/strong>&nbsp;je \u0159editelem&nbsp;think-tanku Institut evropsk\u00e9 pravice a p\u0159edn\u00e1\u0161\u00ed mezin\u00e1rodn\u00ed d\u011bjiny na Vilniusk\u00e9 univerzit\u011b. Byl p\u0159edsedou jedn\u00e9 z nejv\u011bt\u0161\u00edch litevsk\u00fdch ml\u00e1de\u017enick\u00fdch organizac\u00ed a dlouhodob\u011b se pod\u00edl\u00ed na iniciativ\u00e1ch propojuj\u00edc\u00edch mlad\u00e9 lidi s politikou a ob\u010danskou spole\u010dnost\u00ed.&nbsp;Teodoras&nbsp;m\u00e1 zku\u0161enosti s prac\u00ed v parlamentu i ve vl\u00e1d\u011b, pravideln\u011b komentuje politick\u00e9 d\u011bn\u00ed v \u0161irok\u00e9m tematick\u00e9m z\u00e1b\u011bru a vedl projekty sahaj\u00edc\u00ed od ve\u0159ejn\u00e9ho aktivismu po koncep\u010dn\u00ed politickou pr\u00e1ci.&nbsp;<\/p>\n\n\n\n<p><strong>Lucie Vina\u0159sk\u00e1&nbsp;<\/strong>pracuje jako&nbsp;officer&nbsp;v Evropsk\u00e9 komisi na Gener\u00e1ln\u00edm \u0159editelstv\u00ed pro oblast klimatu. Studovala evropsk\u00e1 studia na Univerzit\u011b Karlov\u011b a absolvovala st\u00e1\u017ee na St\u00e1l\u00e9m zastoupen\u00ed \u010cR p\u0159i EU b\u011bhem p\u0159edsednictv\u00ed, Ministerstvu zahrani\u010dn\u00edch v\u011bc\u00ed \u010cR, na St\u00e1l\u00e9 misi \u010cR p\u0159i OSN nebo tak\u00e9 v kancel\u00e1\u0159i europoslance Lu\u010fka&nbsp;Niedermayera. Dlouhodob\u011b se zab\u00fdv\u00e1 p\u0159\u00edstupem k ochran\u011b \u017eivotn\u00edho prost\u0159ed\u00ed v EU.&nbsp;<\/p>\n\n\n\n<p><strong>Anna Julie&nbsp;Wittmannov\u00e1<\/strong>&nbsp;z olomouck\u00e9ho Gymn\u00e1zia&nbsp;Hej\u010d\u00edn&nbsp;z\u00edskala&nbsp;v roce&nbsp;Cenu Jana Opletala za v\u00fdjime\u010dn\u00fd p\u0159\u00ednos b\u011bhem st\u0159edo\u0161kolsk\u00e9ho studia. Anna propojuje vzd\u011bl\u00e1v\u00e1n\u00ed a dobro\u010dinnost tak, aby m\u011bly skute\u010dn\u00fd dopad. Je kl\u00ed\u010dovou sou\u010d\u00e1st\u00ed Studentsk\u00e9 rady a u\u017e druh\u00fd rok organizuje charitativn\u00ed sportovn\u00ed v\u00fdzvu \u201eMove&nbsp;for&nbsp;Hope\u201c, d\u00edky kter\u00e9 z\u00edskal t\u00fdm 120 student\u016f ob\u011bdy na \u0161koln\u00ed rok pro 84 d\u011bt\u00ed v ji\u017en\u00ed Africe. Anna z\u00e1rove\u0148 iniciovala P\u0159edn\u00e1\u0161kov\u00fd den s v\u00fdznamn\u00fdmi hosty, po\u0159\u00e1dala Samet na \u0161kol\u00e1ch, pom\u00e1hala materi\u00e1ln\u00ed sb\u00edrkou p\u0159i povodn\u00edch, se spolu\u017e\u00e1ky zaji\u0161\u0165ovala menstrua\u010dn\u00ed pot\u0159eby pro \u0161kolu a koprodukovala panel Divadlo mlad\u00fdm. Jej\u00ed \u010dinnost propojuje spolu\u017e\u00e1ky, pedagogy i \u0161ir\u0161\u00ed komunitu a ukazuje, \u017ee aktivn\u00ed ob\u010danstv\u00ed m\u016f\u017ee m\u00edt m\u00edsto i na st\u0159edn\u00ed \u0161kole.&nbsp;<\/p>\n\n\n\n<p><strong>Filip Koryta<\/strong>.&nbsp;Slamer.&nbsp;Spisovatel. Hudebn\u00edk. Moder\u00e1tor. Pedagog. Mistr \u010cR ve slam&nbsp;poetry&nbsp;zn\u00e1m t\u00e9\u017e jako Dr.&nbsp;Filipitch. Vyrostl v Sudetech, \u017eije v Plzni. Vydal n\u011bkolik knih, nejv\u011bt\u0161\u00edho ohlasu dos\u00e1hla humorn\u00e1 autobiografick\u00e1 pr\u00f3za&nbsp;Falknov&nbsp;Calling. Hudebn\u00edmu \u017e\u00e1nru, kter\u00e9mu se v posledn\u00edch letech v\u011bnuje, \u0159\u00edk\u00e1 Sudetsk\u00fd folk (na za\u010d\u00e1tku roku 2025 vydal stejnojmenn\u00e9 EP). Moderoval&nbsp;podcastyU\u0161iPusyMajk, Na Kraji \u010di&nbsp;Lovely&nbsp;Sudety. Na Z\u010cU v Plzni vystudoval u\u010ditelstv\u00ed \u010de\u0161tiny a psychologie. Je p\u0159ekvapiv\u011b \u0161\u0165astn\u011b \u017eenat\u00fd, s man\u017eelkou Karol\u00ednou se pokou\u0161\u00ed vychov\u00e1vat syny Ludv\u00edka a Prokopa. M\u00e1 mnohem rad\u011bji hru\u0161ky ne\u017e jablka.&nbsp;<\/p>","protected":false},"excerpt":{"rendered":"<p>V sobotu 16. kv\u011btna od 17:00 do 18:50 se na kni\u017en\u00edm veletrhu\u202fSv\u011bt knihy 2026\u202fuskute\u010dn\u00ed debata&nbsp;think&nbsp;tanku\u202fTOPAZ\u202fs n\u00e1zvem\u202fEvropsk\u00e9 p\u0159\u00edb\u011bhy ob\u010dansk\u00e9 odvahy. V s\u00e1le Evropsk\u00e9 n\u00e1m\u011bst\u00ed nab\u00eddne setk\u00e1n\u00ed s lidmi, kte\u0159\u00ed se rozhodli p\u0159evz\u00edt odpov\u011bdnost a aktivn\u011b vstupovat do ve\u0159ejn\u00e9ho prostoru.&nbsp; Debata se zam\u011b\u0159\u00ed na samotn\u00fd pojem ob\u010dansk\u00e9 odvahy. Co znamen\u00e1 v ka\u017edodenn\u00edm \u017eivot\u011b, kdy ji \u010dlov\u011bk skute\u010dn\u011b [&hellip;]<\/p>","protected":false},"author":8,"featured_media":22257,"comment_status":"closed","ping_status":"","sticky":false,"template":"","format":"standard","meta":{"footnotes":""},"categories":[5,66],"tags":[],"class_list":["post-22256","post","type-post","status-publish","format-standard","has-post-thumbnail","hentry","category-aktuality","category-konference-a-verejne-debaty"],"_links":{"self":[{"href":"https:\/\/thinktopaz.cz\/en\/wp-json\/wp\/v2\/posts\/22256","targetHints":{"allow":["GET"]}}],"collection":[{"href":"https:\/\/thinktopaz.cz\/en\/wp-json\/wp\/v2\/posts"}],"about":[{"href":"https:\/\/thinktopaz.cz\/en\/wp-json\/wp\/v2\/types\/post"}],"author":[{"embeddable":true,"href":"https:\/\/thinktopaz.cz\/en\/wp-json\/wp\/v2\/users\/8"}],"replies":[{"embeddable":true,"href":"https:\/\/thinktopaz.cz\/en\/wp-json\/wp\/v2\/comments?post=22256"}],"version-history":[{"count":2,"href":"https:\/\/thinktopaz.cz\/en\/wp-json\/wp\/v2\/posts\/22256\/revisions"}],"predecessor-version":[{"id":22273,"href":"https:\/\/thinktopaz.cz\/en\/wp-json\/wp\/v2\/posts\/22256\/revisions\/22273"}],"wp:featuredmedia":[{"embeddable":true,"href":"https:\/\/thinktopaz.cz\/en\/wp-json\/wp\/v2\/media\/22257"}],"wp:attachment":[{"href":"https:\/\/thinktopaz.cz\/en\/wp-json\/wp\/v2\/media?parent=22256"}],"wp:term":[{"taxonomy":"category","embeddable":true,"href":"https:\/\/thinktopaz.cz\/en\/wp-json\/wp\/v2\/categories?post=22256"},{"taxonomy":"post_tag","embeddable":true,"href":"https:\/\/thinktopaz.cz\/en\/wp-json\/wp\/v2\/tags?post=22256"}],"curies":[{"name":"wp","href":"https:\/\/api.w.org\/{rel}","templated":true}]}}