{"id":22259,"date":"2026-04-28T08:42:56","date_gmt":"2026-04-28T06:42:56","guid":{"rendered":"https:\/\/thinktopaz.cz\/?p=22259"},"modified":"2026-04-28T08:47:39","modified_gmt":"2026-04-28T06:47:39","slug":"nova-publikace-topaz-silna-evropa-v-casech-krize","status":"publish","type":"post","link":"https:\/\/thinktopaz.cz\/en\/2026\/04\/28\/nova-publikace-topaz-silna-evropa-v-casech-krize\/","title":{"rendered":"Nov\u00e1\u00a0publikace\u00a0TOPAZ:\u00a0Siln\u00e1\u00a0Evropa v\u00a0\u010dasech\u00a0krize\u00a0"},"content":{"rendered":"<p>TOPAZ&nbsp;letos&nbsp;vyd\u00e1v\u00e1&nbsp;novou&nbsp;publikaci&nbsp;ve&nbsp;splupr\u00e1ci&nbsp;s&nbsp;bruselk\u00fdm&nbsp;think&nbsp;tankem&nbsp;Wilfried Martens Centre for European Studies,&nbsp;rakousk\u00fdm&nbsp;think&nbsp;tankem&nbsp;Campus Tivoli a&nbsp;litevsk\u00fdm&nbsp;think&nbsp;tankem&nbsp;Institute of European Right.&nbsp;&nbsp;<\/p>\n\n\n\n<p>Kapitoly&nbsp;publikace&nbsp;s&nbsp;n\u00e1zvem&nbsp;Siln\u00e1&nbsp;Evropa v&nbsp;\u010dasech&nbsp;krize&nbsp;vznikaly&nbsp;v&nbsp;dob\u011b&nbsp;prohlubuj\u00edc\u00ed&nbsp;se&nbsp;krize&nbsp;evropsk\u00e9ho&nbsp;bezpe\u010dnostn\u00edho&nbsp;\u0159\u00e1du.&nbsp;Rusk\u00e1&nbsp;invaze&nbsp;na&nbsp;Ukrajinu&nbsp;v&nbsp;\u00fanoru&nbsp;2022&nbsp;nejen\u017ee&nbsp;z\u00e1sadn\u011b&nbsp;prom\u011bnila&nbsp;parametry&nbsp;konven\u010dn\u00edhovojensk\u00e9ho&nbsp;odstra\u0161ov\u00e1n\u00ed, ale&nbsp;odhalila&nbsp;struktur\u00e1ln\u00ed&nbsp;zranitelnosti,&nbsp;kter\u00e9&nbsp;se&nbsp;hromadily&nbsp;v\u00edce&nbsp;ne\u017e&nbsp;t\u0159i&nbsp;desetilet\u00ed&nbsp;v&nbsp;oblasti&nbsp;demokratick\u00e9&nbsp;spr\u00e1vy,&nbsp;ekonomick\u00fdch&nbsp;dodavatelsk\u00fdch&nbsp;\u0159et\u011bzc\u016f,&nbsp;informa\u010dn\u00edch&nbsp;ekosyst\u00e9m\u016f&nbsp;i&nbsp;architekturymezin\u00e1rodn\u00ed&nbsp;spolupr\u00e1ce.&nbsp;Auto\u0159i&nbsp;p\u0159istupuj\u00ed&nbsp;k&nbsp;uveden\u00fdm&nbsp;v\u00fdzv\u00e1m&nbsp;z&nbsp;r\u016fzn\u00fdch&nbsp;disciplin\u00e1rn\u00edch&nbsp;a&nbsp;n\u00e1rodn\u00edch&nbsp;perspektiv,&nbsp;p\u0159esto&nbsp;se&nbsp;jejich&nbsp;anal\u00fdzami&nbsp;vine&nbsp;spole\u010dn\u00e1&nbsp;nit:&nbsp;p\u0159esv\u011bd\u010den\u00ed,&nbsp;\u017ee&nbsp;evropsk\u00e1&nbsp;odpov\u011b\u010f&nbsp;na&nbsp;tuto&nbsp;chv\u00edli&nbsp;bude&nbsp;utv\u00e1\u0159enanejen&nbsp;vojenskou&nbsp;kapacitou&nbsp;\u010di&nbsp;institucion\u00e1ln\u00edm&nbsp;uspo\u0159\u00e1d\u00e1n\u00edm, ale&nbsp;p\u0159edev\u0161\u00edm&nbsp;kvalitou&nbsp;demokratick\u00e9&nbsp;spr\u00e1vy&nbsp;a&nbsp;ob\u010dansk\u00e9&nbsp;odolnosti&nbsp;na&nbsp;ka\u017ed\u00e9&nbsp;\u00farovni&nbsp;politick\u00e9ho&nbsp;\u017eivota.&nbsp;<\/p>\n\n\n\n<p>Kniha&nbsp;je&nbsp;uspo\u0159\u00e1d\u00e1na&nbsp;kolem&nbsp;t\u0159\u00ed&nbsp;\u0161irok\u00fdch&nbsp;a&nbsp;vz\u00e1jemn\u011b&nbsp;se&nbsp;prol\u00ednaj\u00edc\u00edch&nbsp;okruh\u016f.&nbsp;Prvn\u00edm&nbsp;je&nbsp;v\u00fdzva&nbsp;zadr\u017eov\u00e1n\u00ed&nbsp;rusk\u00e9&nbsp;agrese&nbsp;prost\u0159ednictv\u00edm&nbsp;trval\u00e9&nbsp;mezin\u00e1rodn\u00ed&nbsp;spolupr\u00e1ce&nbsp;&#8211;&nbsp;vojensk\u00e9,&nbsp;ekonomick\u00e9,&nbsp;digit\u00e1ln\u00ed&nbsp;a&nbsp;diplomatick\u00e9.&nbsp;Druh\u00fdmje&nbsp;vnit\u0159n\u00ed&nbsp;rozm\u011br&nbsp;demokratick\u00e9&nbsp;odolnosti:&nbsp;schopnost&nbsp;evropsk\u00fdch&nbsp;st\u00e1t\u016f&nbsp;a&nbsp;spole\u010dnost\u00ed&nbsp;\u010delit&nbsp;hybridn\u00edm&nbsp;hrozb\u00e1m,&nbsp;informa\u010dn\u00ed&nbsp;manipulaci&nbsp;a&nbsp;erozi&nbsp;politick\u00fdch&nbsp;norem,&nbsp;a\u0165&nbsp;ji\u017e&nbsp;p\u0159ich\u00e1zej\u00ed&nbsp;zven\u010d\u00ed,&nbsp;nebo&nbsp;vyv\u011braj\u00ed&nbsp;zevnit\u0159.&nbsp;T\u0159et\u00edm&nbsp;okruhemje pak&nbsp;ot\u00e1zka&nbsp;obnovy&nbsp;a&nbsp;integrace&nbsp;\u2014 jak&nbsp;m\u016f\u017ee&nbsp;Ukrajina,&nbsp;jej\u00ed&nbsp;obce&nbsp;a&nbsp;jej\u00ed&nbsp;ob\u010dansk\u00e9&nbsp;instituce&nbsp;vyj\u00edt&nbsp;z&nbsp;v\u00e1lky&nbsp;v&nbsp;podob\u011b,&nbsp;kter\u00e1&nbsp;udr\u017e\u00ed&nbsp;demokratick\u00e9&nbsp;v\u00fddobytky&nbsp;postmajdansk\u00e9ho&nbsp;desetilet\u00ed&nbsp;a&nbsp;z\u00e1rove\u0148&nbsp;se&nbsp;vyrovn\u00e1&nbsp;se&nbsp;struktur\u00e1ln\u00edminerovnostmi,&nbsp;je\u017e&nbsp;konflikt&nbsp;z\u00e1rove\u0148&nbsp;odhalil&nbsp;i&nbsp;prohloubil.&nbsp;<\/p>\n\n\n\n<p>Kapitoly&nbsp;jako&nbsp;celek&nbsp;odol\u00e1vaj\u00ed&nbsp;snadn\u00e9mu&nbsp;optimismu. Dokumentuj\u00ed&nbsp;pozoruhodn\u00e9&nbsp;p\u0159\u00edklady&nbsp;odolnosti&nbsp;v&nbsp;ukrajinsk\u00fdch&nbsp;hromad\u00e1ch, v&nbsp;moldavsk\u00fdch&nbsp;volebn\u00edch&nbsp;instituc\u00edch, v&nbsp;baltsk\u00fdch&nbsp;st\u00e1tech&nbsp;s&nbsp;jejich&nbsp;dlouholet\u00fdmi&nbsp;zku\u0161enostmi&nbsp;s&nbsp;hybridn\u00ed&nbsp;obranou&nbsp;i&nbsp;v&nbsp;seversk\u00fdch&nbsp;zem\u00edch&nbsp;s&nbsp;jejich&nbsp;institucionalizovan\u00fdmi&nbsp;modely&nbsp;tot\u00e1ln\u00ed&nbsp;obrany,&nbsp;a&nbsp;z\u00e1rove\u0148&nbsp;p\u0159ipom\u00ednaj\u00ed,&nbsp;\u017ee&nbsp;tato&nbsp;dosa\u017een\u00ed&nbsp;z\u016fst\u00e1vaj\u00ed&nbsp;k\u0159ehk\u00e1&nbsp;a&nbsp;podm\u00edn\u011bn\u00e1.&nbsp;Registruj\u00ed&nbsp;rovn\u011b\u017e&nbsp;n\u00e1klady&nbsp;strategick\u00e9ho&nbsp;selh\u00e1n\u00ed:&nbsp;diplomatickou&nbsp;nesouvislost&nbsp;p\u0159edch\u00e1zej\u00edc\u00ed&nbsp;invazi&nbsp;roku&nbsp;2022,&nbsp;demokratickou&nbsp;erozi&nbsp;ve&nbsp;Spojen\u00fdch&nbsp;st\u00e1tech&nbsp;s&nbsp;p\u0159\u00edm\u00fdmi&nbsp;d\u016fsledky&nbsp;pro&nbsp;Evropu&nbsp;i&nbsp;p\u0159etrv\u00e1vaj\u00edc\u00ed&nbsp;mezery&nbsp;v&nbsp;schopnosti&nbsp;Evropy&nbsp;jednat&nbsp;kolektivn\u011b&nbsp;ve&nbsp;vlastn\u00ed&nbsp;obran\u011b.&nbsp;<\/p>\n\n\n\n<p><strong>P\u0159ehled&nbsp;kapitol<\/strong>&nbsp;<\/p>\n\n\n\n<p><strong>Sebastian Sch\u00e4ffer&nbsp;<\/strong>se&nbsp;ve&nbsp;sv\u00e9&nbsp;\u00favodn\u00ed&nbsp;kapitole&nbsp;v\u011bnuje&nbsp;mezin\u00e1rodn\u00ed&nbsp;spolupr\u00e1ci&nbsp;a&nbsp;evropsk\u00e9&nbsp;strategick\u00e9&nbsp;autonomii.&nbsp;Ukazuje,&nbsp;\u017ee&nbsp;zadr\u017eov\u00e1n\u00ed&nbsp;Ruska se&nbsp;stalo&nbsp;neodd\u011bliteln\u00fdm&nbsp;od&nbsp;trval\u00e9ho,&nbsp;institucionalizovan\u00e9ho&nbsp;r\u00e1mce,&nbsp;jen\u017e&nbsp;integrujeekonomick\u00e9&nbsp;odstra\u0161ov\u00e1n\u00ed,&nbsp;vojenskou&nbsp;a&nbsp;obrannou&nbsp;spolupr\u00e1ci,&nbsp;n\u00e1stroje&nbsp;proti&nbsp;hybridn\u00edm&nbsp;hrozb\u00e1m,&nbsp;demokratickou&nbsp;odolnost,&nbsp;roz\u0161i\u0159ov\u00e1n\u00ed&nbsp;EU a&nbsp;digit\u00e1ln\u00ed&nbsp;suverenitu. Na&nbsp;z\u00e1klad\u011b&nbsp;anal\u00fdzy&nbsp;v\u00fdvoje&nbsp;t\u011bchto&nbsp;r\u00e1mc\u016f&nbsp;od&nbsp;roku&nbsp;2022&nbsp;hodnot\u00edjejich&nbsp;\u00fasp\u011bchy&nbsp;i&nbsp;p\u0159etrv\u00e1vaj\u00edc\u00ed&nbsp;slabiny&nbsp;se&nbsp;zvl\u00e1\u0161tn\u00edm&nbsp;z\u0159etelem&nbsp;k&nbsp;sank\u010dn\u00edmu&nbsp;re\u017eimu&nbsp;EU,&nbsp;spolupr\u00e1ci&nbsp;NATO\u2013EU a&nbsp;rostouc\u00edmu&nbsp;v\u00fdznamu&nbsp;strategick\u00e9&nbsp;autonomie&nbsp;v&nbsp;dob\u011b&nbsp;transatlantick\u00e9&nbsp;nejistoty&nbsp;za&nbsp;druh\u00e9&nbsp;Trumpovy&nbsp;administrativy.&nbsp;Moldavsk\u00e9&nbsp;parlamentn\u00ed&nbsp;volby&nbsp;roku&nbsp;2025&nbsp;slou\u017e\u00ed&nbsp;jako&nbsp;p\u0159\u00edpadov\u00e1&nbsp;studie&nbsp;dokl\u00e1daj\u00edc\u00ed, jak&nbsp;m\u016f\u017ee&nbsp;dob\u0159e&nbsp;koordinovan\u00e1&nbsp;mezin\u00e1rodn\u00ed&nbsp;podpora&nbsp;p\u0159er\u016fst&nbsp;v&nbsp;dom\u00e1c\u00ed&nbsp;demokratickou&nbsp;odolnost&nbsp;i&nbsp;v&nbsp;podm\u00ednk\u00e1ch&nbsp;intenzivn\u00edho&nbsp;zahrani\u010dn\u00edhozasahov\u00e1n\u00ed.&nbsp;<\/p>\n\n\n\n<p><strong>Teodoras&nbsp;\u017dukas&nbsp;<\/strong>se&nbsp;vrac\u00ed&nbsp;k&nbsp;diplomatick\u00e9mu&nbsp;z\u00e1znamu&nbsp;\u0161esti&nbsp;m\u011bs\u00edc\u016f&nbsp;p\u0159edch\u00e1zej\u00edc\u00edch&nbsp;rusk\u00e9&nbsp;invazi&nbsp;a&nbsp;sleduje&nbsp;sled&nbsp;chybn\u00fdch&nbsp;kalkulac\u00ed,&nbsp;strategick\u00fdch&nbsp;nejasnost\u00ed&nbsp;a&nbsp;zme\u0161kan\u00fdch&nbsp;p\u0159\u00edle\u017eitost\u00ed,&nbsp;kter\u00e9&nbsp;charakterizovaly&nbsp;z\u00e1padn\u00ed&nbsp;diplomaciiod&nbsp;zve\u0159ejn\u011bn\u00ed&nbsp;Putinovy&nbsp;eseje&nbsp;v&nbsp;\u010dervenci&nbsp;2021&nbsp;a\u017e&nbsp;do 24.&nbsp;\u00fanora&nbsp;2022.&nbsp;Jeho&nbsp;anal\u00fdza&nbsp;je&nbsp;z\u00e1m\u011brn\u011b&nbsp;diagnostick\u00e1:&nbsp;z\u00e1padn\u00ed&nbsp;diplomacie&nbsp;nezlyhala&nbsp;nedostatkem&nbsp;anga\u017eovanosti, ale proto,&nbsp;\u017ee&nbsp;byla&nbsp;rozt\u0159\u00ed\u0161t\u011bn\u00e1,&nbsp;m\u00e1lo&nbsp;v\u011brohodn\u00e1&nbsp;a&nbsp;strategicky&nbsp;nesouvisl\u00e1.&nbsp;Opakovan\u00fd&nbsp;d\u016fraz&nbsp;na&nbsp;to, co&nbsp;Z\u00e1pad&nbsp;neud\u011bl\u00e1&nbsp;&#8211;&nbsp;nam\u00edsto&nbsp;p\u011bstov\u00e1n\u00ed&nbsp;z\u00e1m\u011brn\u00e9&nbsp;strategick\u00e9&nbsp;dvojzna\u010dnosti&nbsp;odstra\u0161ov\u00e1n\u00ed&nbsp;sp\u00ed\u0161e&nbsp;oslaboval,&nbsp;ne\u017e&nbsp;posiloval.&nbsp;<\/p>\n\n\n\n<p><strong>Ond\u0159ej&nbsp;Filipec&nbsp;<\/strong>se&nbsp;v\u011bnuje&nbsp;prost\u0159ed\u00ed&nbsp;hybridn\u00edch&nbsp;hrozeb&nbsp;pod\u00e9l&nbsp;v\u00fdchodn\u00edch&nbsp;hranic&nbsp;EU a&nbsp;\u010derp\u00e1&nbsp;z&nbsp;nashrom\u00e1\u017ed\u011bn\u00fdch&nbsp;zku\u0161enost\u00ed&nbsp;baltsk\u00fdch&nbsp;st\u00e1t\u016f&nbsp;a&nbsp;Moldavska, aby z&nbsp;nich&nbsp;vyvodil&nbsp;p\u0159enositeln\u00e9&nbsp;lekce&nbsp;pro&nbsp;\u010ceskou&nbsp;republiku&nbsp;a&nbsp;dal\u0161\u00edexponovan\u00e9&nbsp;evropsk\u00e9&nbsp;zem\u011b.&nbsp;Analyzuje&nbsp;konkr\u00e9tn\u00ed&nbsp;p\u0159\u00edpady&nbsp;jako&nbsp;ruskou&nbsp;st\u00ednovou&nbsp;flotilu&nbsp;v&nbsp;Baltsk\u00e9m&nbsp;mo\u0159i,&nbsp;zbra\u0148ov\u00e9&nbsp;vyu\u017eit\u00ed&nbsp;migrace&nbsp;na&nbsp;polsko-b\u011blorusk\u00e9&nbsp;hranici,&nbsp;pr\u016fniky&nbsp;dron\u016f&nbsp;do&nbsp;vzdu\u0161n\u00e9ho&nbsp;prostoru&nbsp;NATO a&nbsp;rusk\u00e9&nbsp;zasahov\u00e1n\u00eddo&nbsp;moldavsk\u00fdch&nbsp;voleb&nbsp;a&nbsp;identifikuje&nbsp;vzorce&nbsp;hybridn\u00ed&nbsp;agrese&nbsp;i&nbsp;v\u00edcevrstv\u00e9&nbsp;reakce,&nbsp;kter\u00e9&nbsp;se&nbsp;uk\u00e1zaly&nbsp;nej\u00fa\u010dinn\u011bj\u0161\u00ed.&nbsp;<\/p>\n\n\n\n<p><strong>Peter Hefele a George Dimakos&nbsp;<\/strong>zkoumaj\u00ed&nbsp;koncept&nbsp;tot\u00e1ln\u00ed&nbsp;obrany&nbsp;a&nbsp;jeho&nbsp;pou\u017eitelnost&nbsp;v&nbsp;r\u016fzn\u00fdch&nbsp;demokratick\u00fdch&nbsp;kontextech&nbsp;v&nbsp;Evrop\u011b. Jako&nbsp;referen\u010dn\u00ed&nbsp;p\u0159\u00edpady&nbsp;vol\u00ed&nbsp;\u0160v\u00e9dsko&nbsp;a&nbsp;Finsko,&nbsp;kde&nbsp;je&nbsp;tot\u00e1ln\u00ed&nbsp;obrana&nbsp;trval\u00fdmorganiza\u010dn\u00edm&nbsp;principem&nbsp;st\u00e1tu&nbsp;zakotven\u00fdm&nbsp;ve&nbsp;v\u00edcelet\u00fdch&nbsp;parlamentn\u00edch&nbsp;usnesen\u00edch&nbsp;a&nbsp;pr\u00e1vn\u011b&nbsp;z\u00e1vazn\u00fdch&nbsp;r\u00e1mc\u00edch&nbsp;pokr\u00fdvaj\u00edc\u00edch&nbsp;m\u00edrov\u00e9,&nbsp;krizov\u00e9&nbsp;i&nbsp;v\u00e1le\u010dn\u00e9&nbsp;obdob\u00ed. Na&nbsp;tomto&nbsp;z\u00e1klad\u011b&nbsp;rozv\u00edjej\u00ed&nbsp;\u010dty\u0159vrstv\u00fd&nbsp;analytick\u00fd&nbsp;r\u00e1meczahrnuj\u00edc\u00ed&nbsp;strategickou,&nbsp;spr\u00e1vn\u00ed,&nbsp;opera\u010dn\u00ed&nbsp;a&nbsp;spole\u010denskou&nbsp;dimenzi.&nbsp;\u0158ecko&nbsp;pak&nbsp;slou\u017e\u00ed&nbsp;jako&nbsp;p\u0159\u00edpad&nbsp;adaptace&nbsp;ilustruj\u00edc\u00ed&nbsp;jak&nbsp;potenci\u00e1l,&nbsp;tak&nbsp;limity&nbsp;p\u0159enosu&nbsp;seversk\u00e9ho&nbsp;modelu&nbsp;do&nbsp;odli\u0161n\u00e9ho&nbsp;institucion\u00e1ln\u00edho&nbsp;a&nbsp;kulturn\u00edho&nbsp;prost\u0159ed\u00ed.&nbsp;<\/p>\n\n\n\n<p><strong>Laurynas&nbsp;Peluritis&nbsp;<\/strong>p\u0159isp\u00edv\u00e1&nbsp;filozoficky&nbsp;zakotvenou&nbsp;anal\u00fdzou&nbsp;vztahu&nbsp;mezi&nbsp;kolektivn\u00ed&nbsp;pam\u011bt\u00ed,&nbsp;historickou&nbsp;pravdou&nbsp;a&nbsp;politickou&nbsp;manipulac\u00ed.&nbsp;Op\u00edraje&nbsp;se o&nbsp;d\u00edlo&nbsp;Maurice&nbsp;Halbwachse&nbsp;a Astrid&nbsp;Erll&nbsp;ukazuje,&nbsp;\u017ee&nbsp;postmodern\u00ed&nbsp;obrat&nbsp;v&nbsp;historiografii&nbsp;vytvo\u0159il&nbsp;zranitelnost,&nbsp;kterou&nbsp;rusk\u00e1&nbsp;propaganda&nbsp;systematicky&nbsp;vyu\u017e\u00edv\u00e1. Kapitola&nbsp;vyz\u00fdv\u00e1&nbsp;k&nbsp;n\u00e1vratu&nbsp;k&nbsp;normativn\u00edm&nbsp;standard\u016fm&nbsp;a&nbsp;v\u011bdeck\u00e9&nbsp;fakticit\u011b&nbsp;ve&nbsp;ve\u0159ejn\u00e9&nbsp;politice&nbsp;a&nbsp;historick\u00e9m&nbsp;vzd\u011bl\u00e1v\u00e1n\u00ed&nbsp;jako&nbsp;nezbytn\u00e9&nbsp;obran\u011bproti&nbsp;strategick\u00e9mu&nbsp;zkreslov\u00e1n\u00ed&nbsp;minulosti.&nbsp;<\/p>\n\n\n\n<p><strong>G\u00e1bor Berczeli&nbsp;<\/strong>se&nbsp;ve&nbsp;sv\u00e9&nbsp;kapitole&nbsp;v\u011bnuje&nbsp;municip\u00e1ln\u00ed&nbsp;demokracii&nbsp;na&nbsp;Ukrajin\u011b&nbsp;a&nbsp;podrobn\u011b&nbsp;ukazuje, jak&nbsp;decentraliza\u010dn\u00ed&nbsp;reforma&nbsp;zah\u00e1jen\u00e1&nbsp;po&nbsp;Majdanu&nbsp;v&nbsp;roce&nbsp;2014&nbsp;vybudovala&nbsp;institucion\u00e1ln\u00ed&nbsp;z\u00e1klad,&nbsp;jen\u017e&nbsp;se&nbsp;uk\u00e1zal&nbsp;kl\u00ed\u010dov\u00fdmpro&nbsp;v\u00e1le\u010dnou&nbsp;odolnost&nbsp;zem\u011b.&nbsp;Op\u00edraje&nbsp;se o&nbsp;rozs\u00e1hl\u00e9&nbsp;ter\u00e9nn\u00ed&nbsp;zku\u0161enosti&nbsp;sleduje&nbsp;podm\u00ednky,&nbsp;kter\u00e9&nbsp;reformu&nbsp;umo\u017enily,&nbsp;spolu&nbsp;s&nbsp;p\u0159etrv\u00e1vaj\u00edc\u00edmi&nbsp;probl\u00e9mov\u00fdmi&nbsp;oblastmu&nbsp;jako&nbsp;deficity&nbsp;transparentnosti&nbsp;a&nbsp;ne\u00fapln\u00fdmi&nbsp;legislativn\u00edmir\u00e1mci.&nbsp;<\/p>\n\n\n\n<p><strong>Werner&nbsp;Fasslabend&nbsp;a Christoph Schwarz&nbsp;<\/strong>se&nbsp;zam\u011b\u0159uj\u00ed&nbsp;na&nbsp;rakouskou&nbsp;politiku&nbsp;trval\u00e9&nbsp;neutrality v&nbsp;kontextu&nbsp;z\u00e1sadn\u011b&nbsp;prom\u011bn\u011bn\u00e9ho&nbsp;evropsk\u00e9ho&nbsp;bezpe\u010dnostn\u00edho&nbsp;prost\u0159ed\u00ed.&nbsp;Auto\u0159i&nbsp;p\u0159esv\u011bd\u010div\u011b&nbsp;ukazuj\u00ed,&nbsp;\u017ee&nbsp;\u00fast\u0159edn\u00ed&nbsp;v\u00fdzvou&nbsp;nen\u00edot\u00e1zka,&nbsp;zda&nbsp;neutralitu&nbsp;zachovat,&nbsp;n\u00fdbr\u017e&nbsp;jak ji&nbsp;v\u011brohodn\u011b&nbsp;sladit&nbsp;s&nbsp;rakousk\u00fdmi&nbsp;z\u00e1vazky&nbsp;a&nbsp;z\u00e1jmy&nbsp;v&nbsp;r\u00e1mci&nbsp;evropsk\u00e9&nbsp;kolektivn\u00ed&nbsp;bezpe\u010dnostn\u00ed&nbsp;architektury.&nbsp;<\/p>\n\n\n\n<p><strong>Dalibor&nbsp;Roh\u00e1\u010d&nbsp;<\/strong>nab\u00edz\u00ed&nbsp;st\u0159\u00edzliv\u00e9&nbsp;hodnocen\u00ed&nbsp;demokratick\u00e9&nbsp;eroze&nbsp;ve&nbsp;Spojen\u00fdch&nbsp;st\u00e1tech&nbsp;a&nbsp;jej\u00edch&nbsp;d\u016fsledk\u016f&nbsp;pro&nbsp;Evropu. Dokumentuje&nbsp;struktur\u00e1ln\u00ed&nbsp;slabiny&nbsp;americk\u00e9&nbsp;spr\u00e1vy,&nbsp;kter\u00e9&nbsp;druh\u00e9&nbsp;Trumpov\u011b&nbsp;administrativ\u011b&nbsp;p\u0159edch\u00e1zely&nbsp;a&nbsp;umo\u017enily&nbsp;ji, a&nbsp;p\u0159esv\u011bd\u010div\u011b&nbsp;ukazuje,&nbsp;\u017ee&nbsp;prob\u00edhaj\u00edc\u00ed&nbsp;zm\u011bny&nbsp;p\u0159edstavuj\u00ed&nbsp;kvalitativn\u00ed&nbsp;p\u0159elom,&nbsp;nikoli&nbsp;do\u010dasnou&nbsp;odchylku. Pro&nbsp;Evropu&nbsp;jsou&nbsp;d\u016fsledky&nbsp;p\u0159\u00edm\u00e9:&nbsp;nejistota&nbsp;ohledn\u011b&nbsp;americk\u00fdch&nbsp;bezpe\u010dnostn\u00edch&nbsp;z\u00e1vazk\u016f&nbsp;si&nbsp;\u017e\u00e1d\u00e1&nbsp;urychlen\u00e9investice&nbsp;do&nbsp;autonomn\u00ed&nbsp;evropsk\u00e9&nbsp;obrany&nbsp;a&nbsp;strategick\u00e9&nbsp;kultury.&nbsp;<\/p>\n\n\n\n<p><strong>\u0160\u00e1rka&nbsp;Waisov\u00e1&nbsp;<\/strong>mapuje&nbsp;v\u00fdvoj&nbsp;politiky&nbsp;Evropsk\u00e9&nbsp;unie&nbsp;v&nbsp;oblasti&nbsp;kritick\u00fdch&nbsp;surovin&nbsp;a&nbsp;analyzuje, jak&nbsp;pr\u016fse\u010d\u00edk&nbsp;po\u017eadavk\u016f&nbsp;dekarbonizace,&nbsp;digit\u00e1ln\u00ed&nbsp;transformace&nbsp;a&nbsp;geopolitick\u00e9&nbsp;konkurence&nbsp;pov\u00fd\u0161il&nbsp;bezpe\u010dnost&nbsp;jejich&nbsp;dod\u00e1vek&nbsp;nastrategickou&nbsp;prioritu.&nbsp;Sleduje&nbsp;v\u00fdvoj&nbsp;unijn\u00ed&nbsp;legislativy&nbsp;od&nbsp;Iniciativy&nbsp;pro&nbsp;suroviny&nbsp;z&nbsp;roku&nbsp;2008&nbsp;a\u017e&nbsp;po&nbsp;Z\u00e1kon&nbsp;o&nbsp;kritick\u00fdch&nbsp;surovin\u00e1ch&nbsp;z&nbsp;roku&nbsp;2024&nbsp;a&nbsp;identifikuje&nbsp;p\u0159etrv\u00e1vaj\u00edc\u00ed&nbsp;mezery,&nbsp;kter\u00e9&nbsp;dokl\u00e1daj\u00ed,&nbsp;\u017ee&nbsp;bezpe\u010dnost&nbsp;dod\u00e1vek&nbsp;pro&nbsp;zelenou&nbsp;a&nbsp;digit\u00e1ln\u00ed&nbsp;transformaci&nbsp;z\u016fst\u00e1v\u00e1&nbsp;nevy\u0159e\u0161enou&nbsp;strategickou&nbsp;zranitelnost\u00ed.&nbsp;<\/p>\n\n\n\n<p><strong>Panagiotis&nbsp;Kakolyris&nbsp;<\/strong>uzav\u00edr\u00e1&nbsp;svazek&nbsp;studi\u00ed&nbsp;o&nbsp;trval\u00e9&nbsp;volebn\u00ed&nbsp;dominanci&nbsp;Nea&nbsp;Demokratia&nbsp;v&nbsp;\u0158ecku&nbsp;pod&nbsp;veden\u00edm&nbsp;Kyriakose&nbsp;Mitsotakise.&nbsp;\u0158eck\u00e1&nbsp;p\u0159\u00edpadov\u00e1&nbsp;studie&nbsp;nab\u00edz\u00ed&nbsp;protip\u00f3l&nbsp;institucion\u00e1ln\u00ed&nbsp;stabilizace:&nbsp;p\u0159\u00edb\u011bh&nbsp;hlavn\u00edst\u0159edopravicov\u00e9&nbsp;strany,&nbsp;kter\u00e1&nbsp;p\u0159e\u017eila&nbsp;krizi&nbsp;st\u00e1tn\u00edho&nbsp;dluhu&nbsp;bez&nbsp;volebn\u00edho&nbsp;kolapsu,&nbsp;obnovila&nbsp;d\u016fv\u011bru&nbsp;ve\u0159ejnosti&nbsp;prost\u0159ednictv\u00edm&nbsp;technokratick\u00e9&nbsp;spr\u00e1vy&nbsp;a&nbsp;m\u011b\u0159iteln\u00fdch&nbsp;v\u00fdsledk\u016f&nbsp;a&nbsp;prok\u00e1zala,&nbsp;\u017ee&nbsp;postpopulistick\u00e1&nbsp;normalizace&nbsp;je&nbsp;dosa\u017eiteln\u00e1&nbsp;tehdy,&nbsp;kdy\u017e&nbsp;programov\u00e1&nbsp;d\u016fv\u011bryhodnost&nbsp;nahrad\u00ed&nbsp;emocion\u00e1ln\u00ed&nbsp;mobilizaci&nbsp;jako&nbsp;prim\u00e1rn\u00ed&nbsp;zdroj&nbsp;politick\u00e9&nbsp;legitimity.&nbsp;<\/p>\n\n\n\n<p>Celou\u00a0publikaci\u00a0si\u00a0m\u016f\u017eete\u00a0p\u0159e\u010d\u00edst\u00a0zde:\u00a0\u00a0<div class=\"_3d-flip-book  fb3d-fullscreen-mode full-size\" data-id=\"22262\" data-mode=\"fullscreen\" data-title=\"false\" data-template=\"short-white-book-view\" data-lightbox=\"dark-shadow\" data-urlparam=\"fb3d-page\" data-page-n=\"0\" data-pdf=\"\" data-tax=\"null\" data-thumbnail=\"\" data-cols=\"3\" data-book-template=\"default\" data-trigger=\"\"><\/div><script type=\"text\/javascript\">window.FB3D_CLIENT_DATA = window.FB3D_CLIENT_DATA || [];FB3D_CLIENT_DATA.push('eyJwb3N0cyI6eyIyMjI2MiI6eyJJRCI6MjIyNjIsInRpdGxlIjoiUHVibGlrYWNlIFNpbG5cdTAwZTEgRXZyb3BhIHYgXHUwMTBkYXNlY2gga3JpemUgQ1oiLCJ0eXBlIjoicGRmIiwicmVhZHlfZnVuY3Rpb24iOiIiLCJib29rX3N0eWxlIjoiZmxhdCIsImJvb2tfdGVtcGxhdGUiOiJub25lIiwib3V0bGluZSI6W10sImRhdGEiOnsicG9zdF9JRCI6IjIyMjYzIiwiZ3VpZCI6Imh0dHBzOlwvXC90aGlua3RvcGF6LmN6XC93cC1jb250ZW50XC91cGxvYWRzXC8yMDI2XC8wNFwvQ1otMjAyNi1vbmxpbmUucGRmIiwicGRmX3BhZ2VzIjoiMTE2IiwicGFnZXNfY3VzdG9taXphdGlvbiI6Im5vbmUifSwidGh1bWJuYWlsIjp7ImRhdGEiOnsicG9zdF9JRCI6IjAifSwidHlwZSI6ImF1dG8ifSwicHJvcHMiOnsiYmFja2dyb3VuZENvbG9yIjoiYXV0byIsImJhY2tncm91bmRJbWFnZSI6ImF1dG8iLCJiYWNrZ3JvdW5kU3R5bGUiOiJhdXRvIiwiaGlnaGxpZ2h0TGlua3MiOiJhdXRvIiwibGlnaHRpbmciOiJhdXRvIiwic2luZ2xlUGFnZU1vZGUiOiJhdXRvIiwiY2FjaGVkUGFnZXMiOiJhdXRvIiwicmVuZGVySW5hY3RpdmVQYWdlcyI6ImF1dG8iLCJyZW5kZXJJbmFjdGl2ZVBhZ2VzT25Nb2JpbGUiOiJhdXRvIiwicmVuZGVyV2hpbGVGbGlwcGluZyI6ImF1dG8iLCJwcmVsb2FkUGFnZXMiOiJhdXRvIiwiYXV0b1BsYXlEdXJhdGlvbiI6ImF1dG8iLCJydGwiOiJhdXRvIiwiaW50ZXJhY3RpdmVDb3JuZXJzIjoiYXV0byIsIm1heERlcHRoIjoiYXV0byIsInNoZWV0Ijp7InN0YXJ0VmVsb2NpdHkiOiJhdXRvIiwid2F2ZSI6ImF1dG8iLCJzaGFwZSI6ImF1dG8iLCJ3aWR0aFRleGVscyI6ImF1dG8iLCJjb2xvciI6ImF1dG8iLCJzaWRlIjoiYXV0byIsInN0cmV0Y2hJbWFnZXMiOiJhdXRvIiwiY29ybmVyRGV2aWF0aW9uIjoiYXV0byIsImZsZXhpYmlsaXR5IjoiYXV0byIsImZsZXhpYmxlQ29ybmVyIjoiYXV0byIsImJlbmRpbmciOiJhdXRvIiwiaGVpZ2h0VGV4ZWxzIjoiYXV0byJ9LCJjb3ZlciI6eyJ3YXZlIjoiYXV0byIsImNvbG9yIjoiYXV0byIsInNpZGUiOiJhdXRvIiwic3RyZXRjaEltYWdlcyI6ImF1dG8iLCJiaW5kZXJUZXh0dXJlIjoiYXV0byIsImRlcHRoIjoiYXV0byIsInBhZGRpbmciOiJhdXRvIiwic3RhcnRWZWxvY2l0eSI6ImF1dG8iLCJmbGV4aWJpbGl0eSI6ImF1dG8iLCJmbGV4aWJsZUNvcm5lciI6ImF1dG8iLCJiZW5kaW5nIjoiYXV0byIsIndpZHRoVGV4ZWxzIjoiYXV0byIsImhlaWdodFRleGVscyI6ImF1dG8iLCJtYXNzIjoiYXV0byIsInNoYXBlIjoiYXV0byJ9LCJwYWdlIjp7IndhdmUiOiJhdXRvIiwiY29sb3IiOiJhdXRvIiwic2lkZSI6ImF1dG8iLCJzdHJldGNoSW1hZ2VzIjoiYXV0byIsImRlcHRoIjoiYXV0byIsInN0YXJ0VmVsb2NpdHkiOiJhdXRvIiwiZmxleGliaWxpdHkiOiJhdXRvIiwiZmxleGlibGVDb3JuZXIiOiJhdXRvIiwiYmVuZGluZyI6ImF1dG8iLCJ3aWR0aFRleGVscyI6ImF1dG8iLCJoZWlnaHRUZXhlbHMiOiJhdXRvIiwibWFzcyI6ImF1dG8iLCJzaGFwZSI6ImF1dG8ifSwiaGVpZ2h0IjoiYXV0byIsIndpZHRoIjoiYXV0byIsImdyYXZpdHkiOiJhdXRvIiwicGFnZXNGb3JQcmVkaWN0aW5nIjoiYXV0byJ9LCJjb250cm9sUHJvcHMiOnsiYWN0aW9ucyI6eyJjbWRUb2MiOnsiZW5hYmxlZCI6ImF1dG8iLCJlbmFibGVkSW5OYXJyb3ciOiJhdXRvIiwiYWN0aXZlIjoiYXV0byIsImRlZmF1bHRUYWIiOiJhdXRvIn0sImNtZEF1dG9QbGF5Ijp7ImVuYWJsZWQiOiJhdXRvIiwiZW5hYmxlZEluTmFycm93IjoiYXV0byIsImFjdGl2ZSI6ImF1dG8ifSwiY21kU2F2ZSI6eyJlbmFibGVkIjoiYXV0byIsImVuYWJsZWRJbk5hcnJvdyI6ImF1dG8ifSwiY21kUHJpbnQiOnsiZW5hYmxlZCI6ImF1dG8iLCJlbmFibGVkSW5OYXJyb3ciOiJhdXRvIn0sImNtZFNpbmdsZVBhZ2UiOnsiZW5hYmxlZCI6ImF1dG8iLCJlbmFibGVkSW5OYXJyb3ciOiJhdXRvIiwiYWN0aXZlIjoiYXV0byIsImFjdGl2ZUZvck1vYmlsZSI6ImF1dG8ifSwid2lkVG9vbGJhciI6eyJlbmFibGVkIjoiYXV0byIsImVuYWJsZWRJbk5hcnJvdyI6ImF1dG8ifX19LCJhdXRvVGh1bWJuYWlsIjoiaHR0cHM6XC9cL3RoaW5rdG9wYXouY3pcL3dwLWNvbnRlbnRcL3VwbG9hZHNcLzNkLWZsaXAtYm9va1wvYXV0by10aHVtYm5haWxzXC8yMjI2Mi5wbmciLCJwb3N0X25hbWUiOiJwdWJsaWthY2Utc2lsbmEtZXZyb3BhLXYtY2FzZWNoLWtyaXplLWN6IiwicG9zdF90eXBlIjoiM2QtZmxpcC1ib29rIn19LCJwYWdlcyI6W10sImZpcnN0UGFnZXMiOltdfQ==');window.FB3D_CLIENT_LOCALE && FB3D_CLIENT_LOCALE.render && FB3D_CLIENT_LOCALE.render();<\/script><\/p>\n\n\n\n<p><\/p>","protected":false},"excerpt":{"rendered":"<p>TOPAZ&nbsp;letos&nbsp;vyd\u00e1v\u00e1&nbsp;novou&nbsp;publikaci&nbsp;ve&nbsp;splupr\u00e1ci&nbsp;s&nbsp;bruselk\u00fdm&nbsp;think&nbsp;tankem&nbsp;Wilfried Martens Centre for European Studies,&nbsp;rakousk\u00fdm&nbsp;think&nbsp;tankem&nbsp;Campus Tivoli a&nbsp;litevsk\u00fdm&nbsp;think&nbsp;tankem&nbsp;Institute of European Right.&nbsp;&nbsp; Kapitoly&nbsp;publikace&nbsp;s&nbsp;n\u00e1zvem&nbsp;Siln\u00e1&nbsp;Evropa v&nbsp;\u010dasech&nbsp;krize&nbsp;vznikaly&nbsp;v&nbsp;dob\u011b&nbsp;prohlubuj\u00edc\u00ed&nbsp;se&nbsp;krize&nbsp;evropsk\u00e9ho&nbsp;bezpe\u010dnostn\u00edho&nbsp;\u0159\u00e1du.&nbsp;Rusk\u00e1&nbsp;invaze&nbsp;na&nbsp;Ukrajinu&nbsp;v&nbsp;\u00fanoru&nbsp;2022&nbsp;nejen\u017ee&nbsp;z\u00e1sadn\u011b&nbsp;prom\u011bnila&nbsp;parametry&nbsp;konven\u010dn\u00edhovojensk\u00e9ho&nbsp;odstra\u0161ov\u00e1n\u00ed, ale&nbsp;odhalila&nbsp;struktur\u00e1ln\u00ed&nbsp;zranitelnosti,&nbsp;kter\u00e9&nbsp;se&nbsp;hromadily&nbsp;v\u00edce&nbsp;ne\u017e&nbsp;t\u0159i&nbsp;desetilet\u00ed&nbsp;v&nbsp;oblasti&nbsp;demokratick\u00e9&nbsp;spr\u00e1vy,&nbsp;ekonomick\u00fdch&nbsp;dodavatelsk\u00fdch&nbsp;\u0159et\u011bzc\u016f,&nbsp;informa\u010dn\u00edch&nbsp;ekosyst\u00e9m\u016f&nbsp;i&nbsp;architekturymezin\u00e1rodn\u00ed&nbsp;spolupr\u00e1ce.&nbsp;Auto\u0159i&nbsp;p\u0159istupuj\u00ed&nbsp;k&nbsp;uveden\u00fdm&nbsp;v\u00fdzv\u00e1m&nbsp;z&nbsp;r\u016fzn\u00fdch&nbsp;disciplin\u00e1rn\u00edch&nbsp;a&nbsp;n\u00e1rodn\u00edch&nbsp;perspektiv,&nbsp;p\u0159esto&nbsp;se&nbsp;jejich&nbsp;anal\u00fdzami&nbsp;vine&nbsp;spole\u010dn\u00e1&nbsp;nit:&nbsp;p\u0159esv\u011bd\u010den\u00ed,&nbsp;\u017ee&nbsp;evropsk\u00e1&nbsp;odpov\u011b\u010f&nbsp;na&nbsp;tuto&nbsp;chv\u00edli&nbsp;bude&nbsp;utv\u00e1\u0159enanejen&nbsp;vojenskou&nbsp;kapacitou&nbsp;\u010di&nbsp;institucion\u00e1ln\u00edm&nbsp;uspo\u0159\u00e1d\u00e1n\u00edm, ale&nbsp;p\u0159edev\u0161\u00edm&nbsp;kvalitou&nbsp;demokratick\u00e9&nbsp;spr\u00e1vy&nbsp;a&nbsp;ob\u010dansk\u00e9&nbsp;odolnosti&nbsp;na&nbsp;ka\u017ed\u00e9&nbsp;\u00farovni&nbsp;politick\u00e9ho&nbsp;\u017eivota.&nbsp; Kniha&nbsp;je&nbsp;uspo\u0159\u00e1d\u00e1na&nbsp;kolem&nbsp;t\u0159\u00ed&nbsp;\u0161irok\u00fdch&nbsp;a&nbsp;vz\u00e1jemn\u011b&nbsp;se&nbsp;prol\u00ednaj\u00edc\u00edch&nbsp;okruh\u016f.&nbsp;Prvn\u00edm&nbsp;je&nbsp;v\u00fdzva&nbsp;zadr\u017eov\u00e1n\u00ed&nbsp;rusk\u00e9&nbsp;agrese&nbsp;prost\u0159ednictv\u00edm&nbsp;trval\u00e9&nbsp;mezin\u00e1rodn\u00ed&nbsp;spolupr\u00e1ce&nbsp;&#8211;&nbsp;vojensk\u00e9,&nbsp;ekonomick\u00e9,&nbsp;digit\u00e1ln\u00ed&nbsp;a&nbsp;diplomatick\u00e9.&nbsp;Druh\u00fdmje&nbsp;vnit\u0159n\u00ed&nbsp;rozm\u011br&nbsp;demokratick\u00e9&nbsp;odolnosti:&nbsp;schopnost&nbsp;evropsk\u00fdch&nbsp;st\u00e1t\u016f&nbsp;a&nbsp;spole\u010dnost\u00ed&nbsp;\u010delit&nbsp;hybridn\u00edm&nbsp;hrozb\u00e1m,&nbsp;informa\u010dn\u00ed&nbsp;manipulaci&nbsp;a&nbsp;erozi&nbsp;politick\u00fdch&nbsp;norem,&nbsp;a\u0165&nbsp;ji\u017e&nbsp;p\u0159ich\u00e1zej\u00ed&nbsp;zven\u010d\u00ed,&nbsp;nebo&nbsp;vyv\u011braj\u00ed&nbsp;zevnit\u0159.&nbsp;T\u0159et\u00edm&nbsp;okruhemje pak&nbsp;ot\u00e1zka&nbsp;obnovy&nbsp;a&nbsp;integrace&nbsp;\u2014 jak&nbsp;m\u016f\u017ee&nbsp;Ukrajina,&nbsp;jej\u00ed&nbsp;obce&nbsp;a&nbsp;jej\u00ed&nbsp;ob\u010dansk\u00e9&nbsp;instituce&nbsp;vyj\u00edt&nbsp;z&nbsp;v\u00e1lky&nbsp;v&nbsp;podob\u011b,&nbsp;kter\u00e1&nbsp;udr\u017e\u00ed&nbsp;demokratick\u00e9&nbsp;v\u00fddobytky&nbsp;postmajdansk\u00e9ho&nbsp;desetilet\u00ed&nbsp;a&nbsp;z\u00e1rove\u0148&nbsp;se&nbsp;vyrovn\u00e1&nbsp;se&nbsp;struktur\u00e1ln\u00edminerovnostmi,&nbsp;je\u017e&nbsp;konflikt&nbsp;z\u00e1rove\u0148&nbsp;odhalil&nbsp;i&nbsp;prohloubil.&nbsp; Kapitoly&nbsp;jako&nbsp;celek&nbsp;odol\u00e1vaj\u00ed&nbsp;snadn\u00e9mu&nbsp;optimismu. Dokumentuj\u00ed&nbsp;pozoruhodn\u00e9&nbsp;p\u0159\u00edklady&nbsp;odolnosti&nbsp;v&nbsp;ukrajinsk\u00fdch&nbsp;hromad\u00e1ch, v&nbsp;moldavsk\u00fdch&nbsp;volebn\u00edch&nbsp;instituc\u00edch, v&nbsp;baltsk\u00fdch&nbsp;st\u00e1tech&nbsp;s&nbsp;jejich&nbsp;dlouholet\u00fdmi&nbsp;zku\u0161enostmi&nbsp;s&nbsp;hybridn\u00ed&nbsp;obranou&nbsp;i&nbsp;v&nbsp;seversk\u00fdch&nbsp;zem\u00edch&nbsp;s&nbsp;jejich&nbsp;institucionalizovan\u00fdmi&nbsp;modely&nbsp;tot\u00e1ln\u00ed&nbsp;obrany,&nbsp;a&nbsp;z\u00e1rove\u0148&nbsp;p\u0159ipom\u00ednaj\u00ed,&nbsp;\u017ee&nbsp;tato&nbsp;dosa\u017een\u00ed&nbsp;z\u016fst\u00e1vaj\u00ed&nbsp;k\u0159ehk\u00e1&nbsp;a&nbsp;podm\u00edn\u011bn\u00e1.&nbsp;Registruj\u00ed&nbsp;rovn\u011b\u017e&nbsp;n\u00e1klady&nbsp;strategick\u00e9ho&nbsp;selh\u00e1n\u00ed:&nbsp;diplomatickou&nbsp;nesouvislost&nbsp;p\u0159edch\u00e1zej\u00edc\u00ed&nbsp;invazi&nbsp;roku&nbsp;2022,&nbsp;demokratickou&nbsp;erozi&nbsp;ve&nbsp;Spojen\u00fdch&nbsp;st\u00e1tech&nbsp;s&nbsp;p\u0159\u00edm\u00fdmi&nbsp;d\u016fsledky&nbsp;pro&nbsp;Evropu&nbsp;i&nbsp;p\u0159etrv\u00e1vaj\u00edc\u00ed&nbsp;mezery&nbsp;v&nbsp;schopnosti&nbsp;Evropy&nbsp;jednat&nbsp;kolektivn\u011b&nbsp;ve&nbsp;vlastn\u00ed&nbsp;obran\u011b.&nbsp; P\u0159ehled&nbsp;kapitol&nbsp; Sebastian Sch\u00e4ffer&nbsp;se&nbsp;ve&nbsp;sv\u00e9&nbsp;\u00favodn\u00ed&nbsp;kapitole&nbsp;v\u011bnuje&nbsp;mezin\u00e1rodn\u00ed&nbsp;spolupr\u00e1ci&nbsp;a&nbsp;evropsk\u00e9&nbsp;strategick\u00e9&nbsp;autonomii.&nbsp;Ukazuje,&nbsp;\u017ee&nbsp;zadr\u017eov\u00e1n\u00ed&nbsp;Ruska se&nbsp;stalo&nbsp;neodd\u011bliteln\u00fdm&nbsp;od&nbsp;trval\u00e9ho,&nbsp;institucionalizovan\u00e9ho&nbsp;r\u00e1mce,&nbsp;jen\u017e&nbsp;integrujeekonomick\u00e9&nbsp;odstra\u0161ov\u00e1n\u00ed,&nbsp;vojenskou&nbsp;a&nbsp;obrannou&nbsp;spolupr\u00e1ci,&nbsp;n\u00e1stroje&nbsp;proti&nbsp;hybridn\u00edm&nbsp;hrozb\u00e1m,&nbsp;demokratickou&nbsp;odolnost,&nbsp;roz\u0161i\u0159ov\u00e1n\u00ed&nbsp;EU a&nbsp;digit\u00e1ln\u00ed&nbsp;suverenitu. Na&nbsp;z\u00e1klad\u011b&nbsp;anal\u00fdzy&nbsp;v\u00fdvoje&nbsp;t\u011bchto&nbsp;r\u00e1mc\u016f&nbsp;od&nbsp;roku&nbsp;2022&nbsp;hodnot\u00edjejich&nbsp;\u00fasp\u011bchy&nbsp;i&nbsp;p\u0159etrv\u00e1vaj\u00edc\u00ed&nbsp;slabiny&nbsp;se&nbsp;zvl\u00e1\u0161tn\u00edm&nbsp;z\u0159etelem&nbsp;k&nbsp;sank\u010dn\u00edmu&nbsp;re\u017eimu&nbsp;EU,&nbsp;spolupr\u00e1ci&nbsp;NATO\u2013EU a&nbsp;rostouc\u00edmu&nbsp;v\u00fdznamu&nbsp;strategick\u00e9&nbsp;autonomie&nbsp;v&nbsp;dob\u011b&nbsp;transatlantick\u00e9&nbsp;nejistoty&nbsp;za&nbsp;druh\u00e9&nbsp;Trumpovy&nbsp;administrativy.&nbsp;Moldavsk\u00e9&nbsp;parlamentn\u00ed&nbsp;volby&nbsp;roku&nbsp;2025&nbsp;slou\u017e\u00ed&nbsp;jako&nbsp;p\u0159\u00edpadov\u00e1&nbsp;studie&nbsp;dokl\u00e1daj\u00edc\u00ed, jak&nbsp;m\u016f\u017ee&nbsp;dob\u0159e&nbsp;koordinovan\u00e1&nbsp;mezin\u00e1rodn\u00ed&nbsp;podpora&nbsp;p\u0159er\u016fst&nbsp;v&nbsp;dom\u00e1c\u00ed&nbsp;demokratickou&nbsp;odolnost&nbsp;i&nbsp;v&nbsp;podm\u00ednk\u00e1ch&nbsp;intenzivn\u00edho&nbsp;zahrani\u010dn\u00edhozasahov\u00e1n\u00ed.&nbsp; Teodoras&nbsp;\u017dukas&nbsp;se&nbsp;vrac\u00ed&nbsp;k&nbsp;diplomatick\u00e9mu&nbsp;z\u00e1znamu&nbsp;\u0161esti&nbsp;m\u011bs\u00edc\u016f&nbsp;p\u0159edch\u00e1zej\u00edc\u00edch&nbsp;rusk\u00e9&nbsp;invazi&nbsp;a&nbsp;sleduje&nbsp;sled&nbsp;chybn\u00fdch&nbsp;kalkulac\u00ed,&nbsp;strategick\u00fdch&nbsp;nejasnost\u00ed&nbsp;a&nbsp;zme\u0161kan\u00fdch&nbsp;p\u0159\u00edle\u017eitost\u00ed,&nbsp;kter\u00e9&nbsp;charakterizovaly&nbsp;z\u00e1padn\u00ed&nbsp;diplomaciiod&nbsp;zve\u0159ejn\u011bn\u00ed&nbsp;Putinovy&nbsp;eseje&nbsp;v&nbsp;\u010dervenci&nbsp;2021&nbsp;a\u017e&nbsp;do 24.&nbsp;\u00fanora&nbsp;2022.&nbsp;Jeho&nbsp;anal\u00fdza&nbsp;je&nbsp;z\u00e1m\u011brn\u011b&nbsp;diagnostick\u00e1:&nbsp;z\u00e1padn\u00ed&nbsp;diplomacie&nbsp;nezlyhala&nbsp;nedostatkem&nbsp;anga\u017eovanosti, ale proto,&nbsp;\u017ee&nbsp;byla&nbsp;rozt\u0159\u00ed\u0161t\u011bn\u00e1,&nbsp;m\u00e1lo&nbsp;v\u011brohodn\u00e1&nbsp;a&nbsp;strategicky&nbsp;nesouvisl\u00e1.&nbsp;Opakovan\u00fd&nbsp;d\u016fraz&nbsp;na&nbsp;to, co&nbsp;Z\u00e1pad&nbsp;neud\u011bl\u00e1&nbsp;&#8211;&nbsp;nam\u00edsto&nbsp;p\u011bstov\u00e1n\u00ed&nbsp;z\u00e1m\u011brn\u00e9&nbsp;strategick\u00e9&nbsp;dvojzna\u010dnosti&nbsp;odstra\u0161ov\u00e1n\u00ed&nbsp;sp\u00ed\u0161e&nbsp;oslaboval,&nbsp;ne\u017e&nbsp;posiloval.&nbsp; Ond\u0159ej&nbsp;Filipec&nbsp;se&nbsp;v\u011bnuje&nbsp;prost\u0159ed\u00ed&nbsp;hybridn\u00edch&nbsp;hrozeb&nbsp;pod\u00e9l&nbsp;v\u00fdchodn\u00edch&nbsp;hranic&nbsp;EU a&nbsp;\u010derp\u00e1&nbsp;z&nbsp;nashrom\u00e1\u017ed\u011bn\u00fdch&nbsp;zku\u0161enost\u00ed&nbsp;baltsk\u00fdch&nbsp;st\u00e1t\u016f&nbsp;a&nbsp;Moldavska, aby z&nbsp;nich&nbsp;vyvodil&nbsp;p\u0159enositeln\u00e9&nbsp;lekce&nbsp;pro&nbsp;\u010ceskou&nbsp;republiku&nbsp;a&nbsp;dal\u0161\u00edexponovan\u00e9&nbsp;evropsk\u00e9&nbsp;zem\u011b.&nbsp;Analyzuje&nbsp;konkr\u00e9tn\u00ed&nbsp;p\u0159\u00edpady&nbsp;jako&nbsp;ruskou&nbsp;st\u00ednovou&nbsp;flotilu&nbsp;v&nbsp;Baltsk\u00e9m&nbsp;mo\u0159i,&nbsp;zbra\u0148ov\u00e9&nbsp;vyu\u017eit\u00ed&nbsp;migrace&nbsp;na&nbsp;polsko-b\u011blorusk\u00e9&nbsp;hranici,&nbsp;pr\u016fniky&nbsp;dron\u016f&nbsp;do&nbsp;vzdu\u0161n\u00e9ho&nbsp;prostoru&nbsp;NATO a&nbsp;rusk\u00e9&nbsp;zasahov\u00e1n\u00eddo&nbsp;moldavsk\u00fdch&nbsp;voleb&nbsp;a&nbsp;identifikuje&nbsp;vzorce&nbsp;hybridn\u00ed&nbsp;agrese&nbsp;i&nbsp;v\u00edcevrstv\u00e9&nbsp;reakce,&nbsp;kter\u00e9&nbsp;se&nbsp;uk\u00e1zaly&nbsp;nej\u00fa\u010dinn\u011bj\u0161\u00ed.&nbsp; Peter Hefele a George Dimakos&nbsp;zkoumaj\u00ed&nbsp;koncept&nbsp;tot\u00e1ln\u00ed&nbsp;obrany&nbsp;a&nbsp;jeho&nbsp;pou\u017eitelnost&nbsp;v&nbsp;r\u016fzn\u00fdch&nbsp;demokratick\u00fdch&nbsp;kontextech&nbsp;v&nbsp;Evrop\u011b. Jako&nbsp;referen\u010dn\u00ed&nbsp;p\u0159\u00edpady&nbsp;vol\u00ed&nbsp;\u0160v\u00e9dsko&nbsp;a&nbsp;Finsko,&nbsp;kde&nbsp;je&nbsp;tot\u00e1ln\u00ed&nbsp;obrana&nbsp;trval\u00fdmorganiza\u010dn\u00edm&nbsp;principem&nbsp;st\u00e1tu&nbsp;zakotven\u00fdm&nbsp;ve&nbsp;v\u00edcelet\u00fdch&nbsp;parlamentn\u00edch&nbsp;usnesen\u00edch&nbsp;a&nbsp;pr\u00e1vn\u011b&nbsp;z\u00e1vazn\u00fdch&nbsp;r\u00e1mc\u00edch&nbsp;pokr\u00fdvaj\u00edc\u00edch&nbsp;m\u00edrov\u00e9,&nbsp;krizov\u00e9&nbsp;i&nbsp;v\u00e1le\u010dn\u00e9&nbsp;obdob\u00ed. Na&nbsp;tomto&nbsp;z\u00e1klad\u011b&nbsp;rozv\u00edjej\u00ed&nbsp;\u010dty\u0159vrstv\u00fd&nbsp;analytick\u00fd&nbsp;r\u00e1meczahrnuj\u00edc\u00ed&nbsp;strategickou,&nbsp;spr\u00e1vn\u00ed,&nbsp;opera\u010dn\u00ed&nbsp;a&nbsp;spole\u010denskou&nbsp;dimenzi.&nbsp;\u0158ecko&nbsp;pak&nbsp;slou\u017e\u00ed&nbsp;jako&nbsp;p\u0159\u00edpad&nbsp;adaptace&nbsp;ilustruj\u00edc\u00ed&nbsp;jak&nbsp;potenci\u00e1l,&nbsp;tak&nbsp;limity&nbsp;p\u0159enosu&nbsp;seversk\u00e9ho&nbsp;modelu&nbsp;do&nbsp;odli\u0161n\u00e9ho&nbsp;institucion\u00e1ln\u00edho&nbsp;a&nbsp;kulturn\u00edho&nbsp;prost\u0159ed\u00ed.&nbsp; Laurynas&nbsp;Peluritis&nbsp;p\u0159isp\u00edv\u00e1&nbsp;filozoficky&nbsp;zakotvenou&nbsp;anal\u00fdzou&nbsp;vztahu&nbsp;mezi&nbsp;kolektivn\u00ed&nbsp;pam\u011bt\u00ed,&nbsp;historickou&nbsp;pravdou&nbsp;a&nbsp;politickou&nbsp;manipulac\u00ed.&nbsp;Op\u00edraje&nbsp;se o&nbsp;d\u00edlo&nbsp;Maurice&nbsp;Halbwachse&nbsp;a Astrid&nbsp;Erll&nbsp;ukazuje,&nbsp;\u017ee&nbsp;postmodern\u00ed&nbsp;obrat&nbsp;v&nbsp;historiografii&nbsp;vytvo\u0159il&nbsp;zranitelnost,&nbsp;kterou&nbsp;rusk\u00e1&nbsp;propaganda&nbsp;systematicky&nbsp;vyu\u017e\u00edv\u00e1. Kapitola&nbsp;vyz\u00fdv\u00e1&nbsp;k&nbsp;n\u00e1vratu&nbsp;k&nbsp;normativn\u00edm&nbsp;standard\u016fm&nbsp;a&nbsp;v\u011bdeck\u00e9&nbsp;fakticit\u011b&nbsp;ve&nbsp;ve\u0159ejn\u00e9&nbsp;politice&nbsp;a&nbsp;historick\u00e9m&nbsp;vzd\u011bl\u00e1v\u00e1n\u00ed&nbsp;jako&nbsp;nezbytn\u00e9&nbsp;obran\u011bproti&nbsp;strategick\u00e9mu&nbsp;zkreslov\u00e1n\u00ed&nbsp;minulosti.&nbsp; G\u00e1bor Berczeli&nbsp;se&nbsp;ve&nbsp;sv\u00e9&nbsp;kapitole&nbsp;v\u011bnuje&nbsp;municip\u00e1ln\u00ed&nbsp;demokracii&nbsp;na&nbsp;Ukrajin\u011b&nbsp;a&nbsp;podrobn\u011b&nbsp;ukazuje, jak&nbsp;decentraliza\u010dn\u00ed&nbsp;reforma&nbsp;zah\u00e1jen\u00e1&nbsp;po&nbsp;Majdanu&nbsp;v&nbsp;roce&nbsp;2014&nbsp;vybudovala&nbsp;institucion\u00e1ln\u00ed&nbsp;z\u00e1klad,&nbsp;jen\u017e&nbsp;se&nbsp;uk\u00e1zal&nbsp;kl\u00ed\u010dov\u00fdmpro&nbsp;v\u00e1le\u010dnou&nbsp;odolnost&nbsp;zem\u011b.&nbsp;Op\u00edraje&nbsp;se o&nbsp;rozs\u00e1hl\u00e9&nbsp;ter\u00e9nn\u00ed&nbsp;zku\u0161enosti&nbsp;sleduje&nbsp;podm\u00ednky,&nbsp;kter\u00e9&nbsp;reformu&nbsp;umo\u017enily,&nbsp;spolu&nbsp;s&nbsp;p\u0159etrv\u00e1vaj\u00edc\u00edmi&nbsp;probl\u00e9mov\u00fdmi&nbsp;oblastmu&nbsp;jako&nbsp;deficity&nbsp;transparentnosti&nbsp;a&nbsp;ne\u00fapln\u00fdmi&nbsp;legislativn\u00edmir\u00e1mci.&nbsp; [&hellip;]<\/p>","protected":false},"author":8,"featured_media":22260,"comment_status":"closed","ping_status":"","sticky":false,"template":"","format":"standard","meta":{"footnotes":""},"categories":[5,4],"tags":[],"class_list":["post-22259","post","type-post","status-publish","format-standard","has-post-thumbnail","hentry","category-aktuality","category-publikace"],"_links":{"self":[{"href":"https:\/\/thinktopaz.cz\/en\/wp-json\/wp\/v2\/posts\/22259","targetHints":{"allow":["GET"]}}],"collection":[{"href":"https:\/\/thinktopaz.cz\/en\/wp-json\/wp\/v2\/posts"}],"about":[{"href":"https:\/\/thinktopaz.cz\/en\/wp-json\/wp\/v2\/types\/post"}],"author":[{"embeddable":true,"href":"https:\/\/thinktopaz.cz\/en\/wp-json\/wp\/v2\/users\/8"}],"replies":[{"embeddable":true,"href":"https:\/\/thinktopaz.cz\/en\/wp-json\/wp\/v2\/comments?post=22259"}],"version-history":[{"count":4,"href":"https:\/\/thinktopaz.cz\/en\/wp-json\/wp\/v2\/posts\/22259\/revisions"}],"predecessor-version":[{"id":22267,"href":"https:\/\/thinktopaz.cz\/en\/wp-json\/wp\/v2\/posts\/22259\/revisions\/22267"}],"wp:featuredmedia":[{"embeddable":true,"href":"https:\/\/thinktopaz.cz\/en\/wp-json\/wp\/v2\/media\/22260"}],"wp:attachment":[{"href":"https:\/\/thinktopaz.cz\/en\/wp-json\/wp\/v2\/media?parent=22259"}],"wp:term":[{"taxonomy":"category","embeddable":true,"href":"https:\/\/thinktopaz.cz\/en\/wp-json\/wp\/v2\/categories?post=22259"},{"taxonomy":"post_tag","embeddable":true,"href":"https:\/\/thinktopaz.cz\/en\/wp-json\/wp\/v2\/tags?post=22259"}],"curies":[{"name":"wp","href":"https:\/\/api.w.org\/{rel}","templated":true}]}}